{"id":1280,"date":"2013-12-11T18:51:51","date_gmt":"2013-12-11T16:51:51","guid":{"rendered":"https:\/\/blogpeinture.le75.be\/?p=1280"},"modified":"2013-12-11T18:51:51","modified_gmt":"2013-12-11T16:51:51","slug":"en-avant","status":"publish","type":"post","link":"https:\/\/blogpeinture.le75.be\/?p=1280","title":{"rendered":"En avant"},"content":{"rendered":"<p>Cette ann\u00e9e les troisi\u00e8mes travaillent sur le Monochrome.<\/p>\n<p>Cette th\u00e9matique est commune \u00e0 notre atelier et celui du design textile de l&#8217;ARBA.<\/p>\n<p>S&#8217;en suivra un workshop de recherche et collaboration entre les deux ateliers et une exposition au printemps.<\/p>\n<p>Nous avons propos\u00e9 aux \u00e9tudiants qui \u00e9taient un peu \u00e9gar\u00e9s au d\u00e9but, de choisir comme point de d\u00e9part un objet color\u00e9.<\/p>\n<p>Ci-dessous le travail d&#8217;Olivier Sleczka qui est parti d&#8217;un tapis de d\u00e9m\u00e9nageur.<\/p>\n<p>&nbsp;<\/p>\n<p><a href=\"https:\/\/blogpeinture.le75.be\/wp-content\/uploads\/2013\/12\/olivier_scleczka.gif\"><img loading=\"lazy\" decoding=\"async\" class=\"alignnone size-full wp-image-1281\" alt=\"olivier_scleczka\" src=\"https:\/\/blogpeinture.le75.be\/wp-content\/uploads\/2013\/12\/olivier_scleczka.gif\" width=\"414\" height=\"2495\" \/><\/a><\/p>\n<p>&nbsp;<\/p>\n","protected":false},"excerpt":{"rendered":"<p>Cette ann\u00e9e les troisi\u00e8mes travaillent sur le Monochrome. Cette th\u00e9matique est commune \u00e0 notre atelier et celui du design textile de l&#8217;ARBA. S&#8217;en suivra un workshop de recherche et collaboration entre les deux ateliers et une exposition au printemps. Nous avons propos\u00e9 aux \u00e9tudiants qui \u00e9taient un peu \u00e9gar\u00e9s au d\u00e9but, de choisir comme point [&hellip;]<\/p>\n","protected":false},"author":2,"featured_media":0,"comment_status":"open","ping_status":"open","sticky":false,"template":"","format":"standard","meta":{"footnotes":""},"categories":[5],"tags":[],"class_list":["post-1280","post","type-post","status-publish","format-standard","hentry","category-3eme-annee"],"_links":{"self":[{"href":"https:\/\/blogpeinture.le75.be\/index.php?rest_route=\/wp\/v2\/posts\/1280","targetHints":{"allow":["GET"]}}],"collection":[{"href":"https:\/\/blogpeinture.le75.be\/index.php?rest_route=\/wp\/v2\/posts"}],"about":[{"href":"https:\/\/blogpeinture.le75.be\/index.php?rest_route=\/wp\/v2\/types\/post"}],"author":[{"embeddable":true,"href":"https:\/\/blogpeinture.le75.be\/index.php?rest_route=\/wp\/v2\/users\/2"}],"replies":[{"embeddable":true,"href":"https:\/\/blogpeinture.le75.be\/index.php?rest_route=%2Fwp%2Fv2%2Fcomments&post=1280"}],"version-history":[{"count":1,"href":"https:\/\/blogpeinture.le75.be\/index.php?rest_route=\/wp\/v2\/posts\/1280\/revisions"}],"predecessor-version":[{"id":1282,"href":"https:\/\/blogpeinture.le75.be\/index.php?rest_route=\/wp\/v2\/posts\/1280\/revisions\/1282"}],"wp:attachment":[{"href":"https:\/\/blogpeinture.le75.be\/index.php?rest_route=%2Fwp%2Fv2%2Fmedia&parent=1280"}],"wp:term":[{"taxonomy":"category","embeddable":true,"href":"https:\/\/blogpeinture.le75.be\/index.php?rest_route=%2Fwp%2Fv2%2Fcategories&post=1280"},{"taxonomy":"post_tag","embeddable":true,"href":"https:\/\/blogpeinture.le75.be\/index.php?rest_route=%2Fwp%2Fv2%2Ftags&post=1280"}],"curies":[{"name":"wp","href":"https:\/\/api.w.org\/{rel}","templated":true}]}}