{"id":1351,"date":"2014-02-19T10:47:20","date_gmt":"2014-02-19T08:47:20","guid":{"rendered":"https:\/\/blogpeinture.le75.be\/?p=1351"},"modified":"2014-02-19T10:51:16","modified_gmt":"2014-02-19T08:51:16","slug":"1351","status":"publish","type":"post","link":"https:\/\/blogpeinture.le75.be\/?p=1351","title":{"rendered":"Workshop &#8220;Tisser la couleur&#8221;"},"content":{"rendered":"<p><strong>&#8220;Tisser la couleur&#8221;<\/strong> est un projet de recherche les ateliers de\u00a0<strong>Peinture Le 75 et ARBA Textile Design<\/strong>, qui donnera lieu \u00e0 une petite exposition \u00e0 la MAAC rue Chartreux, le vendredi 9 et samedi 10 mai.<\/p>\n<p>Le <strong>Workshop<\/strong> s&#8217;est d\u00e9roul\u00e9 le 18 et le mercredi 19 f\u00e9vrier \u00e0 la centrale \u00e9lectrique.<\/p>\n<p>Consignes pour cette recherche commune:<\/p>\n<div>Les \u00e9tudiants apportent chacun un sac sac poubelle de la Ville de Bruxelles\u00a0rempli des mat\u00e9riaux r\u00e9colt\u00e9s ainsi que du fil, des aiguilles \u00e0 broder assez \u00e9paisses, du fil m\u00e9tallique, des ciseaux, un cutter, agrafeuse etc&#8230;<\/div>\n<div><\/div>\n<div>1\/ Tirage au sort pour constituer les groupes (9 groupes de 4 \u00e9tudiants).<\/div>\n<div>2\/ Les \u00e9tudiants au sein de chaque groupe de trient leurs sacs et de choisissent \u00a0ensemble une couleur dominante.<\/div>\n<div>3\/Mise en commune du reste pour l&#8217;usage de tous.<\/div>\n<div>4\/ Travailler un agencement surface ou volume, objet ou installation\u00a0en d\u00e9veloppant une notion de:<\/div>\n<div>\u00a0 d&#8217;embo\u00eetement &#8211;\u00a0\u00a0entrelacs ou pas &#8211;\u00a0 structure &#8211;\u00a0d\u00e9tournement &#8211;\u00a0juxtaposition &#8211;\u00a0transparence, translucidit\u00e9 &#8211;\u00a0concept &#8211;\u00a0structure &#8211;\u00a0espace&#8230;<\/div>\n<div><a href=\"https:\/\/blogpeinture.le75.be\/wp-content\/uploads\/2014\/02\/wkshop_textiles_1.jpg\"><img loading=\"lazy\" decoding=\"async\" class=\"alignnone size-full wp-image-1352\" alt=\"wkshop_textiles_1\" src=\"https:\/\/blogpeinture.le75.be\/wp-content\/uploads\/2014\/02\/wkshop_textiles_1.jpg\" width=\"418\" height=\"2640\" srcset=\"https:\/\/blogpeinture.le75.be\/wp-content\/uploads\/2014\/02\/wkshop_textiles_1.jpg 418w, https:\/\/blogpeinture.le75.be\/wp-content\/uploads\/2014\/02\/wkshop_textiles_1-162x1024.jpg 162w\" sizes=\"auto, (max-width: 418px) 100vw, 418px\" \/><\/a><a href=\"https:\/\/blogpeinture.le75.be\/wp-content\/uploads\/2014\/02\/wkshop_textiles_2.jpg\"><img loading=\"lazy\" decoding=\"async\" class=\"alignnone size-full wp-image-1353\" alt=\"wkshop_textiles_2\" src=\"https:\/\/blogpeinture.le75.be\/wp-content\/uploads\/2014\/02\/wkshop_textiles_2.jpg\" width=\"418\" height=\"2616\" \/><\/a><a href=\"https:\/\/blogpeinture.le75.be\/wp-content\/uploads\/2014\/02\/wkshop_textiles_3.jpg\"><img loading=\"lazy\" decoding=\"async\" class=\"alignnone size-full wp-image-1354\" alt=\"wkshop_textiles_3\" src=\"https:\/\/blogpeinture.le75.be\/wp-content\/uploads\/2014\/02\/wkshop_textiles_3.jpg\" width=\"418\" height=\"3071\" \/><\/a><\/div>\n","protected":false},"excerpt":{"rendered":"<p>&#8220;Tisser la couleur&#8221; est un projet de recherche les ateliers de\u00a0Peinture Le 75 et ARBA Textile Design, qui donnera lieu \u00e0 une petite exposition \u00e0 la MAAC rue Chartreux, le vendredi 9 et samedi 10 mai. Le Workshop s&#8217;est d\u00e9roul\u00e9 le 18 et le mercredi 19 f\u00e9vrier \u00e0 la centrale \u00e9lectrique. Consignes pour cette recherche [&hellip;]<\/p>\n","protected":false},"author":2,"featured_media":0,"comment_status":"open","ping_status":"open","sticky":false,"template":"","format":"standard","meta":{"footnotes":""},"categories":[3,4,5,16],"tags":[],"class_list":["post-1351","post","type-post","status-publish","format-standard","hentry","category-1ere-annee","category-2eme-annee","category-3eme-annee","category-workshop"],"_links":{"self":[{"href":"https:\/\/blogpeinture.le75.be\/index.php?rest_route=\/wp\/v2\/posts\/1351","targetHints":{"allow":["GET"]}}],"collection":[{"href":"https:\/\/blogpeinture.le75.be\/index.php?rest_route=\/wp\/v2\/posts"}],"about":[{"href":"https:\/\/blogpeinture.le75.be\/index.php?rest_route=\/wp\/v2\/types\/post"}],"author":[{"embeddable":true,"href":"https:\/\/blogpeinture.le75.be\/index.php?rest_route=\/wp\/v2\/users\/2"}],"replies":[{"embeddable":true,"href":"https:\/\/blogpeinture.le75.be\/index.php?rest_route=%2Fwp%2Fv2%2Fcomments&post=1351"}],"version-history":[{"count":4,"href":"https:\/\/blogpeinture.le75.be\/index.php?rest_route=\/wp\/v2\/posts\/1351\/revisions"}],"predecessor-version":[{"id":1358,"href":"https:\/\/blogpeinture.le75.be\/index.php?rest_route=\/wp\/v2\/posts\/1351\/revisions\/1358"}],"wp:attachment":[{"href":"https:\/\/blogpeinture.le75.be\/index.php?rest_route=%2Fwp%2Fv2%2Fmedia&parent=1351"}],"wp:term":[{"taxonomy":"category","embeddable":true,"href":"https:\/\/blogpeinture.le75.be\/index.php?rest_route=%2Fwp%2Fv2%2Fcategories&post=1351"},{"taxonomy":"post_tag","embeddable":true,"href":"https:\/\/blogpeinture.le75.be\/index.php?rest_route=%2Fwp%2Fv2%2Ftags&post=1351"}],"curies":[{"name":"wp","href":"https:\/\/api.w.org\/{rel}","templated":true}]}}