{"id":1404,"date":"2014-05-06T11:34:39","date_gmt":"2014-05-06T09:34:39","guid":{"rendered":"https:\/\/blogpeinture.le75.be\/?p=1404"},"modified":"2014-05-06T11:38:42","modified_gmt":"2014-05-06T09:38:42","slug":"on-expose-2","status":"publish","type":"post","link":"https:\/\/blogpeinture.le75.be\/?p=1404","title":{"rendered":"On expose&#8230;"},"content":{"rendered":"<div>\n<div>\n<p><b>RESTE\u00a0LA\u00a0COULEUR<\/b><\/p>\n<\/div>\n<div>\n<p>\u00a0Une exposition collective\u00a0issue d&#8217;une collaboration entre<\/p>\n<p>L&#8217;Atelier\u00a0<i>Design Textile<\/i>\u00a0de L&#8217;ARBA-ESA et l&#8217;<i>Atelier Peinture<\/i>\u00a0de l&#8217;ESA Le 75<\/p>\n<\/div>\n<\/div>\n<div>\n<div>\n<p><b><i>Vernissage\u00a0: jeudi 08.05.14\u00a0: 18h00<\/i><\/b><\/p>\n<p><b>Exposition\u00a0: 9.05.14 &gt; 11.05.14: 12h &gt; 19h<\/b><\/p>\n<div>\n<p><b>MAAC <\/b>&#8211;<b>\u00a0<\/b>Maison d\u2019Art Actuel des Chartreux<\/p>\n<p><em id=\"__mceDel\">Rue des Chartreux, 26-28\u00a0<\/em><\/p>\n<\/div>\n<div>\n<p><em id=\"__mceDel\"><em id=\"__mceDel\">B1000 Bruxelles\u00a0<\/em><\/em><\/p>\n<p><a href=\"https:\/\/blogpeinture.le75.be\/wp-content\/uploads\/2014\/05\/Reste_la_couleur.jpg\"><img loading=\"lazy\" decoding=\"async\" class=\"alignnone size-full wp-image-1405\" alt=\"Reste_la_couleur\" src=\"https:\/\/blogpeinture.le75.be\/wp-content\/uploads\/2014\/05\/Reste_la_couleur.jpg\" width=\"425\" height=\"502\" srcset=\"https:\/\/blogpeinture.le75.be\/wp-content\/uploads\/2014\/05\/Reste_la_couleur.jpg 425w, https:\/\/blogpeinture.le75.be\/wp-content\/uploads\/2014\/05\/Reste_la_couleur-253x300.jpg 253w\" sizes=\"auto, (max-width: 425px) 100vw, 425px\" \/><\/a><\/p>\n<p>&nbsp;<\/p>\n<\/div>\n<\/div>\n<div>\n<div>\n<p>&nbsp;<\/p>\n<p>Dans le cadre d&#8217;un rapprochement des deux \u00e9coles d&#8217;art (l&#8217;ARBA-esa et le &#8220;75&#8221;), deux ateliers ont d\u00e9cid\u00e9 d&#8217;organiser un travail th\u00e9matique autour de la notion du MONOCHROME sous le titre : &#8220;Reste la couleur&#8221;.<\/p>\n<\/div>\n<p>Durant l&#8217;ann\u00e9e acad\u00e9mique, les \u00e9tudiants (Bac\u00a02 et Bac 3) de deux ateliers (peinture du &#8220;75&#8221; et design textile de l&#8217;ARBA-esa, ont d\u00e9velopp\u00e9 un travail autour d&#8217;une couleur.<\/p>\n<p>Diff\u00e9rentes rencontres entre \u00e9tudiants ont \u00e9t\u00e9 organis\u00e9es (visites d&#8217;atelier, \u00e9changes autour des portes ouvertes des \u00e9coles et partages des d\u00e9marches artistiques des \u00e9tudiants entre eux).<\/p>\n<p>Un workshop a \u00e9t\u00e9 r\u00e9alis\u00e9 durant le mois de janvier \u00e0 la &#8216;Centrale \u00e9lectrique&#8217;.<\/p>\n<p>Des \u00e9tudiants des deux ateliers et \u00e9coles ont \u00e9t\u00e9 m\u00e9lang\u00e9s en groupes de trois \u00e0 quatre \u00e9tudiants.<\/p>\n<p>Un travail autour de mat\u00e9riaux pauvres (r\u00e9cup\u00e9ration de toutes sortes) et monochromes a \u00e9t\u00e9 propos\u00e9.<\/p>\n<p>L&#8217;int\u00e9r\u00eat \u00e9tait de finaliser un objet, une installation qui mettait en \u0153uvre ces mat\u00e9riaux dans une dominante de couleur et de valoriser des sensibilit\u00e9s et approches artistiques diff\u00e9rentes; l&#8217;une abordant plut\u00f4t\u00a0la surface\u00a0(pour les peintres) et l&#8217;autre, la mati\u00e8re et l&#8217;entrelat (pour les designers textile).<\/p>\n<p>Le r\u00e9sultat de ce travail de collaboration et d&#8217;\u00e9tude fera l&#8217;objet d&#8217;une exposition au MAAC.<\/p>\n<p>Celle-ci\u00a0sera mont\u00e9e sur place par les \u00e9tudiants des deux \u00e9coles et fera l&#8217;objet d&#8217;une deuxi\u00e8me \u00e9tape du workshop qui est \u00a0la mise en espace et en situation des \u0153uvres r\u00e9alis\u00e9es \u00e0 la &#8216;Centrale \u00e9lectrique&#8217;.<\/p>\n<\/div>\n<\/div>\n<div><\/div>\n","protected":false},"excerpt":{"rendered":"<p>RESTE\u00a0LA\u00a0COULEUR \u00a0Une exposition collective\u00a0issue d&#8217;une collaboration entre L&#8217;Atelier\u00a0Design Textile\u00a0de L&#8217;ARBA-ESA et l&#8217;Atelier Peinture\u00a0de l&#8217;ESA Le 75 Vernissage\u00a0: jeudi 08.05.14\u00a0: 18h00 Exposition\u00a0: 9.05.14 &gt; 11.05.14: 12h &gt; 19h MAAC &#8211;\u00a0Maison d\u2019Art Actuel des Chartreux Rue des Chartreux, 26-28\u00a0 B1000 Bruxelles\u00a0 &nbsp; &nbsp; Dans le cadre d&#8217;un rapprochement des deux \u00e9coles d&#8217;art (l&#8217;ARBA-esa et le &#8220;75&#8221;), deux [&hellip;]<\/p>\n","protected":false},"author":2,"featured_media":0,"comment_status":"open","ping_status":"open","sticky":false,"template":"","format":"standard","meta":{"footnotes":""},"categories":[3,4,5,7],"tags":[],"class_list":["post-1404","post","type-post","status-publish","format-standard","hentry","category-1ere-annee","category-2eme-annee","category-3eme-annee","category-expositions"],"_links":{"self":[{"href":"https:\/\/blogpeinture.le75.be\/index.php?rest_route=\/wp\/v2\/posts\/1404","targetHints":{"allow":["GET"]}}],"collection":[{"href":"https:\/\/blogpeinture.le75.be\/index.php?rest_route=\/wp\/v2\/posts"}],"about":[{"href":"https:\/\/blogpeinture.le75.be\/index.php?rest_route=\/wp\/v2\/types\/post"}],"author":[{"embeddable":true,"href":"https:\/\/blogpeinture.le75.be\/index.php?rest_route=\/wp\/v2\/users\/2"}],"replies":[{"embeddable":true,"href":"https:\/\/blogpeinture.le75.be\/index.php?rest_route=%2Fwp%2Fv2%2Fcomments&post=1404"}],"version-history":[{"count":3,"href":"https:\/\/blogpeinture.le75.be\/index.php?rest_route=\/wp\/v2\/posts\/1404\/revisions"}],"predecessor-version":[{"id":1408,"href":"https:\/\/blogpeinture.le75.be\/index.php?rest_route=\/wp\/v2\/posts\/1404\/revisions\/1408"}],"wp:attachment":[{"href":"https:\/\/blogpeinture.le75.be\/index.php?rest_route=%2Fwp%2Fv2%2Fmedia&parent=1404"}],"wp:term":[{"taxonomy":"category","embeddable":true,"href":"https:\/\/blogpeinture.le75.be\/index.php?rest_route=%2Fwp%2Fv2%2Fcategories&post=1404"},{"taxonomy":"post_tag","embeddable":true,"href":"https:\/\/blogpeinture.le75.be\/index.php?rest_route=%2Fwp%2Fv2%2Ftags&post=1404"}],"curies":[{"name":"wp","href":"https:\/\/api.w.org\/{rel}","templated":true}]}}