{"id":1419,"date":"2014-05-28T14:56:37","date_gmt":"2014-05-28T12:56:37","guid":{"rendered":"https:\/\/blogpeinture.le75.be\/?p=1419"},"modified":"2014-06-23T15:00:13","modified_gmt":"2014-06-23T13:00:13","slug":"jury-2104","status":"publish","type":"post","link":"https:\/\/blogpeinture.le75.be\/?p=1419","title":{"rendered":"JURY 2104"},"content":{"rendered":"<p>Quelques images du jury Peinture \u00e0 la TAG Galerie, Bruxelles.<\/p>\n<p>Avec la participation des \u00e9tudiants: Zo\u00e9 Birk, Elliot Gennigens, Iwan Kerkhof, Anna Landron, Natalia Loutsau, Raluca Petricel, Louise Soeteweij, Nathalie Steinmetz, Bruno Tosti, Krisztina T\u00f2th (1eres).<\/p>\n<p><a href=\"https:\/\/blogpeinture.le75.be\/wp-content\/uploads\/2014\/06\/1ERES_1.jpg\"><img loading=\"lazy\" decoding=\"async\" class=\"alignnone size-full wp-image-1420\" alt=\"1ERES_1\" src=\"https:\/\/blogpeinture.le75.be\/wp-content\/uploads\/2014\/06\/1ERES_1.jpg\" width=\"425\" height=\"2124\" srcset=\"https:\/\/blogpeinture.le75.be\/wp-content\/uploads\/2014\/06\/1ERES_1.jpg 425w, https:\/\/blogpeinture.le75.be\/wp-content\/uploads\/2014\/06\/1ERES_1-60x300.jpg 60w\" sizes=\"auto, (max-width: 425px) 100vw, 425px\" \/><\/a><\/p>\n<p><a href=\"https:\/\/blogpeinture.le75.be\/wp-content\/uploads\/2014\/06\/1ERES_3.jpg\"><img loading=\"lazy\" decoding=\"async\" class=\"alignnone size-full wp-image-1422\" alt=\"1ERES_3\" src=\"https:\/\/blogpeinture.le75.be\/wp-content\/uploads\/2014\/06\/1ERES_3.jpg\" width=\"414\" height=\"2364\" \/><\/a><\/p>\n<p>&nbsp;<\/p>\n<p><a href=\"https:\/\/blogpeinture.le75.be\/wp-content\/uploads\/2014\/06\/1ERES_2.jpg\"><img loading=\"lazy\" decoding=\"async\" class=\"alignnone size-full wp-image-1421\" alt=\"1ERES_2\" src=\"https:\/\/blogpeinture.le75.be\/wp-content\/uploads\/2014\/06\/1ERES_2.jpg\" width=\"410\" height=\"2352\" \/><\/a><\/p>\n<p>&nbsp;<\/p>\n","protected":false},"excerpt":{"rendered":"<p>Quelques images du jury Peinture \u00e0 la TAG Galerie, Bruxelles. Avec la participation des \u00e9tudiants: Zo\u00e9 Birk, Elliot Gennigens, Iwan Kerkhof, Anna Landron, Natalia Loutsau, Raluca Petricel, Louise Soeteweij, Nathalie Steinmetz, Bruno Tosti, Krisztina T\u00f2th (1eres). &nbsp; &nbsp;<\/p>\n","protected":false},"author":2,"featured_media":0,"comment_status":"open","ping_status":"open","sticky":false,"template":"","format":"standard","meta":{"footnotes":""},"categories":[3],"tags":[],"class_list":["post-1419","post","type-post","status-publish","format-standard","hentry","category-1ere-annee"],"_links":{"self":[{"href":"https:\/\/blogpeinture.le75.be\/index.php?rest_route=\/wp\/v2\/posts\/1419","targetHints":{"allow":["GET"]}}],"collection":[{"href":"https:\/\/blogpeinture.le75.be\/index.php?rest_route=\/wp\/v2\/posts"}],"about":[{"href":"https:\/\/blogpeinture.le75.be\/index.php?rest_route=\/wp\/v2\/types\/post"}],"author":[{"embeddable":true,"href":"https:\/\/blogpeinture.le75.be\/index.php?rest_route=\/wp\/v2\/users\/2"}],"replies":[{"embeddable":true,"href":"https:\/\/blogpeinture.le75.be\/index.php?rest_route=%2Fwp%2Fv2%2Fcomments&post=1419"}],"version-history":[{"count":4,"href":"https:\/\/blogpeinture.le75.be\/index.php?rest_route=\/wp\/v2\/posts\/1419\/revisions"}],"predecessor-version":[{"id":1432,"href":"https:\/\/blogpeinture.le75.be\/index.php?rest_route=\/wp\/v2\/posts\/1419\/revisions\/1432"}],"wp:attachment":[{"href":"https:\/\/blogpeinture.le75.be\/index.php?rest_route=%2Fwp%2Fv2%2Fmedia&parent=1419"}],"wp:term":[{"taxonomy":"category","embeddable":true,"href":"https:\/\/blogpeinture.le75.be\/index.php?rest_route=%2Fwp%2Fv2%2Fcategories&post=1419"},{"taxonomy":"post_tag","embeddable":true,"href":"https:\/\/blogpeinture.le75.be\/index.php?rest_route=%2Fwp%2Fv2%2Ftags&post=1419"}],"curies":[{"name":"wp","href":"https:\/\/api.w.org\/{rel}","templated":true}]}}