{"id":1447,"date":"2014-10-29T23:18:54","date_gmt":"2014-10-29T21:18:54","guid":{"rendered":"https:\/\/blogpeinture.le75.be\/?p=1447"},"modified":"2014-10-29T23:18:54","modified_gmt":"2014-10-29T21:18:54","slug":"workshop-couleur-jour-1","status":"publish","type":"post","link":"https:\/\/blogpeinture.le75.be\/?p=1447","title":{"rendered":"Workshop Couleur: jour 1"},"content":{"rendered":"<p>2 jours de workshop et lectures de travaux avec <a href=\"http:\/\/www.delphinedeguislage.com\">Delphine Deguislage<\/a>, artiste plasticienne,\u00a0professeur de couleur \u00e0 la Cambre et de s\u00e9rigraphie \u00e0 l&#8217;ARBA.<\/p>\n<p>Pour les 1eres ann\u00e9es, une introduction \u00e0 la perception de la couleur avec un peu de th\u00e9orie et des exercices pratiques.<\/p>\n<p><a href=\"https:\/\/blogpeinture.le75.be\/wp-content\/uploads\/2014\/10\/DD_wkshop_1.jpg\"><img loading=\"lazy\" decoding=\"async\" class=\"alignnone size-full wp-image-1448\" alt=\"DD_wkshop_1\" src=\"https:\/\/blogpeinture.le75.be\/wp-content\/uploads\/2014\/10\/DD_wkshop_1.jpg\" width=\"414\" height=\"2276\" srcset=\"https:\/\/blogpeinture.le75.be\/wp-content\/uploads\/2014\/10\/DD_wkshop_1.jpg 414w, https:\/\/blogpeinture.le75.be\/wp-content\/uploads\/2014\/10\/DD_wkshop_1-186x1024.jpg 186w\" sizes=\"auto, (max-width: 414px) 100vw, 414px\" \/><\/a><\/p>\n<p>&nbsp;<\/p>\n<p>Pour les 2emes et 3emes, visite et discussion du travail en cours.<\/p>\n<p><a href=\"https:\/\/blogpeinture.le75.be\/wp-content\/uploads\/2014\/10\/DD-lecture.jpg\"><img loading=\"lazy\" decoding=\"async\" class=\"alignnone size-full wp-image-1449\" alt=\"DD-lecture\" src=\"https:\/\/blogpeinture.le75.be\/wp-content\/uploads\/2014\/10\/DD-lecture.jpg\" width=\"425\" height=\"319\" srcset=\"https:\/\/blogpeinture.le75.be\/wp-content\/uploads\/2014\/10\/DD-lecture.jpg 425w, https:\/\/blogpeinture.le75.be\/wp-content\/uploads\/2014\/10\/DD-lecture-300x225.jpg 300w\" sizes=\"auto, (max-width: 425px) 100vw, 425px\" \/><\/a><\/p>\n","protected":false},"excerpt":{"rendered":"<p>2 jours de workshop et lectures de travaux avec Delphine Deguislage, artiste plasticienne,\u00a0professeur de couleur \u00e0 la Cambre et de s\u00e9rigraphie \u00e0 l&#8217;ARBA. Pour les 1eres ann\u00e9es, une introduction \u00e0 la perception de la couleur avec un peu de th\u00e9orie et des exercices pratiques. &nbsp; Pour les 2emes et 3emes, visite et discussion du travail [&hellip;]<\/p>\n","protected":false},"author":2,"featured_media":0,"comment_status":"open","ping_status":"open","sticky":false,"template":"","format":"standard","meta":{"footnotes":""},"categories":[3,4,5,17,16],"tags":[],"class_list":["post-1447","post","type-post","status-publish","format-standard","hentry","category-1ere-annee","category-2eme-annee","category-3eme-annee","category-invites","category-workshop"],"_links":{"self":[{"href":"https:\/\/blogpeinture.le75.be\/index.php?rest_route=\/wp\/v2\/posts\/1447","targetHints":{"allow":["GET"]}}],"collection":[{"href":"https:\/\/blogpeinture.le75.be\/index.php?rest_route=\/wp\/v2\/posts"}],"about":[{"href":"https:\/\/blogpeinture.le75.be\/index.php?rest_route=\/wp\/v2\/types\/post"}],"author":[{"embeddable":true,"href":"https:\/\/blogpeinture.le75.be\/index.php?rest_route=\/wp\/v2\/users\/2"}],"replies":[{"embeddable":true,"href":"https:\/\/blogpeinture.le75.be\/index.php?rest_route=%2Fwp%2Fv2%2Fcomments&post=1447"}],"version-history":[{"count":1,"href":"https:\/\/blogpeinture.le75.be\/index.php?rest_route=\/wp\/v2\/posts\/1447\/revisions"}],"predecessor-version":[{"id":1450,"href":"https:\/\/blogpeinture.le75.be\/index.php?rest_route=\/wp\/v2\/posts\/1447\/revisions\/1450"}],"wp:attachment":[{"href":"https:\/\/blogpeinture.le75.be\/index.php?rest_route=%2Fwp%2Fv2%2Fmedia&parent=1447"}],"wp:term":[{"taxonomy":"category","embeddable":true,"href":"https:\/\/blogpeinture.le75.be\/index.php?rest_route=%2Fwp%2Fv2%2Fcategories&post=1447"},{"taxonomy":"post_tag","embeddable":true,"href":"https:\/\/blogpeinture.le75.be\/index.php?rest_route=%2Fwp%2Fv2%2Ftags&post=1447"}],"curies":[{"name":"wp","href":"https:\/\/api.w.org\/{rel}","templated":true}]}}