{"id":1516,"date":"2015-03-15T21:02:09","date_gmt":"2015-03-15T19:02:09","guid":{"rendered":"https:\/\/blogpeinture.le75.be\/?p=1516"},"modified":"2015-03-15T23:10:31","modified_gmt":"2015-03-15T21:10:31","slug":"portes-ouvertes-4","status":"publish","type":"post","link":"https:\/\/blogpeinture.le75.be\/?p=1516","title":{"rendered":"Portes Ouvertes"},"content":{"rendered":"<p>Les Portes Ouvertes au &#8220;Le 75&#8221; d\u00e9marrent avec un nouveau panneau d&#8217;accueil pour deux jours de festivit\u00e9s.<\/p>\n<p>L&#8217;atelier peinture est\u00a0vid\u00e9 pour permettre une installation plus efficace des travaux.<\/p>\n<p><a href=\"https:\/\/blogpeinture.le75.be\/wp-content\/uploads\/2015\/03\/PO_1.jpg\"><img loading=\"lazy\" decoding=\"async\" class=\"alignnone size-full wp-image-1517\" src=\"https:\/\/blogpeinture.le75.be\/wp-content\/uploads\/2015\/03\/PO_1.jpg\" alt=\"PO_1\" width=\"422\" height=\"2232\" srcset=\"https:\/\/blogpeinture.le75.be\/wp-content\/uploads\/2015\/03\/PO_1.jpg 422w, https:\/\/blogpeinture.le75.be\/wp-content\/uploads\/2015\/03\/PO_1-57x300.jpg 57w\" sizes=\"auto, (max-width: 422px) 100vw, 422px\" \/><\/a><\/p>\n<p>Place \u00e0 la performance pour certaines \u00e9tudiantes: sonore pour Angie, culinaire pour Emilie, capillaire\u00a0pour Anna, participative pour Nathalie et Aurore.<\/p>\n<p><a href=\"https:\/\/blogpeinture.le75.be\/wp-content\/uploads\/2015\/03\/PO_2.jpg\"><img loading=\"lazy\" decoding=\"async\" class=\"alignnone size-full wp-image-1518\" src=\"https:\/\/blogpeinture.le75.be\/wp-content\/uploads\/2015\/03\/PO_2.jpg\" alt=\"PO_2\" width=\"418\" height=\"2476\" srcset=\"https:\/\/blogpeinture.le75.be\/wp-content\/uploads\/2015\/03\/PO_2.jpg 418w, https:\/\/blogpeinture.le75.be\/wp-content\/uploads\/2015\/03\/PO_2-173x1024.jpg 173w\" sizes=\"auto, (max-width: 418px) 100vw, 418px\" \/><\/a><\/p>\n<p><a href=\"https:\/\/blogpeinture.le75.be\/wp-content\/uploads\/2015\/03\/PO_3.jpg\"><img loading=\"lazy\" decoding=\"async\" class=\"alignnone size-full wp-image-1519\" src=\"https:\/\/blogpeinture.le75.be\/wp-content\/uploads\/2015\/03\/PO_3.jpg\" alt=\"PO_3\" width=\"422\" height=\"2008\" srcset=\"https:\/\/blogpeinture.le75.be\/wp-content\/uploads\/2015\/03\/PO_3.jpg 422w, https:\/\/blogpeinture.le75.be\/wp-content\/uploads\/2015\/03\/PO_3-63x300.jpg 63w, https:\/\/blogpeinture.le75.be\/wp-content\/uploads\/2015\/03\/PO_3-215x1024.jpg 215w\" sizes=\"auto, (max-width: 422px) 100vw, 422px\" \/><\/a><\/p>\n<p>&nbsp;<\/p>\n","protected":false},"excerpt":{"rendered":"<p>Les Portes Ouvertes au &#8220;Le 75&#8221; d\u00e9marrent avec un nouveau panneau d&#8217;accueil pour deux jours de festivit\u00e9s. L&#8217;atelier peinture est\u00a0vid\u00e9 pour permettre une installation plus efficace des travaux. Place \u00e0 la performance pour certaines \u00e9tudiantes: sonore pour Angie, culinaire pour Emilie, capillaire\u00a0pour Anna, participative pour Nathalie et Aurore. &nbsp;<\/p>\n","protected":false},"author":2,"featured_media":0,"comment_status":"open","ping_status":"open","sticky":false,"template":"","format":"standard","meta":{"footnotes":""},"categories":[3,4,5,7,8],"tags":[],"class_list":["post-1516","post","type-post","status-publish","format-standard","hentry","category-1ere-annee","category-2eme-annee","category-3eme-annee","category-expositions","category-latelier"],"_links":{"self":[{"href":"https:\/\/blogpeinture.le75.be\/index.php?rest_route=\/wp\/v2\/posts\/1516","targetHints":{"allow":["GET"]}}],"collection":[{"href":"https:\/\/blogpeinture.le75.be\/index.php?rest_route=\/wp\/v2\/posts"}],"about":[{"href":"https:\/\/blogpeinture.le75.be\/index.php?rest_route=\/wp\/v2\/types\/post"}],"author":[{"embeddable":true,"href":"https:\/\/blogpeinture.le75.be\/index.php?rest_route=\/wp\/v2\/users\/2"}],"replies":[{"embeddable":true,"href":"https:\/\/blogpeinture.le75.be\/index.php?rest_route=%2Fwp%2Fv2%2Fcomments&post=1516"}],"version-history":[{"count":4,"href":"https:\/\/blogpeinture.le75.be\/index.php?rest_route=\/wp\/v2\/posts\/1516\/revisions"}],"predecessor-version":[{"id":1523,"href":"https:\/\/blogpeinture.le75.be\/index.php?rest_route=\/wp\/v2\/posts\/1516\/revisions\/1523"}],"wp:attachment":[{"href":"https:\/\/blogpeinture.le75.be\/index.php?rest_route=%2Fwp%2Fv2%2Fmedia&parent=1516"}],"wp:term":[{"taxonomy":"category","embeddable":true,"href":"https:\/\/blogpeinture.le75.be\/index.php?rest_route=%2Fwp%2Fv2%2Fcategories&post=1516"},{"taxonomy":"post_tag","embeddable":true,"href":"https:\/\/blogpeinture.le75.be\/index.php?rest_route=%2Fwp%2Fv2%2Ftags&post=1516"}],"curies":[{"name":"wp","href":"https:\/\/api.w.org\/{rel}","templated":true}]}}