{"id":1594,"date":"2015-10-29T14:33:50","date_gmt":"2015-10-29T12:33:50","guid":{"rendered":"https:\/\/blogpeinture.le75.be\/?p=1594"},"modified":"2015-11-02T22:02:30","modified_gmt":"2015-11-02T20:02:30","slug":"aline-bouvy","status":"publish","type":"post","link":"https:\/\/blogpeinture.le75.be\/?p=1594","title":{"rendered":"Aline Bouvy"},"content":{"rendered":"<p>Visite de l&#8217;artiste Bruxelloise <a href=\"http:\/\/alinebouvy.info\">Aline Bouvy<\/a> \u00e0 l&#8217;atelier peinture.<\/p>\n<p><a href=\"https:\/\/blogpeinture.le75.be\/wp-content\/uploads\/2015\/10\/aline_75_2.jpg\"><img loading=\"lazy\" decoding=\"async\" class=\"alignnone size-full wp-image-1598\" src=\"https:\/\/blogpeinture.le75.be\/wp-content\/uploads\/2015\/10\/aline_75_2.jpg\" alt=\"aline_75_2\" width=\"419\" height=\"1055\" srcset=\"https:\/\/blogpeinture.le75.be\/wp-content\/uploads\/2015\/10\/aline_75_2.jpg 419w, https:\/\/blogpeinture.le75.be\/wp-content\/uploads\/2015\/10\/aline_75_2-119x300.jpg 119w, https:\/\/blogpeinture.le75.be\/wp-content\/uploads\/2015\/10\/aline_75_2-407x1024.jpg 407w\" sizes=\"auto, (max-width: 419px) 100vw, 419px\" \/><\/a><\/p>\n<p>La journ\u00e9e d\u00e9marre avec la pr\u00e9sentation de son travail et une discussion sur son processus de travail et son exp\u00e9rience en tant que plasticienne. L&#8217;apr\u00e8s-midi est consacr\u00e9e \u00e0 des lectures individuelles des travaux d&#8217;\u00e9tudiants Bac 2 et Bac 3 et une discussion de groupe avec les Bac 1.<\/p>\n<p><a href=\"https:\/\/blogpeinture.le75.be\/wp-content\/uploads\/2015\/10\/aline_75.jpg\"><img loading=\"lazy\" decoding=\"async\" class=\"alignnone size-full wp-image-1597\" src=\"https:\/\/blogpeinture.le75.be\/wp-content\/uploads\/2015\/10\/aline_75.jpg\" alt=\"aline_75\" width=\"422\" height=\"1423\" srcset=\"https:\/\/blogpeinture.le75.be\/wp-content\/uploads\/2015\/10\/aline_75.jpg 422w, https:\/\/blogpeinture.le75.be\/wp-content\/uploads\/2015\/10\/aline_75-89x300.jpg 89w, https:\/\/blogpeinture.le75.be\/wp-content\/uploads\/2015\/10\/aline_75-304x1024.jpg 304w\" sizes=\"auto, (max-width: 422px) 100vw, 422px\" \/><\/a><\/p>\n","protected":false},"excerpt":{"rendered":"<p>Visite de l&#8217;artiste Bruxelloise Aline Bouvy \u00e0 l&#8217;atelier peinture. La journ\u00e9e d\u00e9marre avec la pr\u00e9sentation de son travail et une discussion sur son processus de travail et son exp\u00e9rience en tant que plasticienne. L&#8217;apr\u00e8s-midi est consacr\u00e9e \u00e0 des lectures individuelles des travaux d&#8217;\u00e9tudiants Bac 2 et Bac 3 et une discussion de groupe avec les [&hellip;]<\/p>\n","protected":false},"author":2,"featured_media":0,"comment_status":"open","ping_status":"open","sticky":false,"template":"","format":"standard","meta":{"footnotes":""},"categories":[17],"tags":[],"class_list":["post-1594","post","type-post","status-publish","format-standard","hentry","category-invites"],"_links":{"self":[{"href":"https:\/\/blogpeinture.le75.be\/index.php?rest_route=\/wp\/v2\/posts\/1594","targetHints":{"allow":["GET"]}}],"collection":[{"href":"https:\/\/blogpeinture.le75.be\/index.php?rest_route=\/wp\/v2\/posts"}],"about":[{"href":"https:\/\/blogpeinture.le75.be\/index.php?rest_route=\/wp\/v2\/types\/post"}],"author":[{"embeddable":true,"href":"https:\/\/blogpeinture.le75.be\/index.php?rest_route=\/wp\/v2\/users\/2"}],"replies":[{"embeddable":true,"href":"https:\/\/blogpeinture.le75.be\/index.php?rest_route=%2Fwp%2Fv2%2Fcomments&post=1594"}],"version-history":[{"count":3,"href":"https:\/\/blogpeinture.le75.be\/index.php?rest_route=\/wp\/v2\/posts\/1594\/revisions"}],"predecessor-version":[{"id":1600,"href":"https:\/\/blogpeinture.le75.be\/index.php?rest_route=\/wp\/v2\/posts\/1594\/revisions\/1600"}],"wp:attachment":[{"href":"https:\/\/blogpeinture.le75.be\/index.php?rest_route=%2Fwp%2Fv2%2Fmedia&parent=1594"}],"wp:term":[{"taxonomy":"category","embeddable":true,"href":"https:\/\/blogpeinture.le75.be\/index.php?rest_route=%2Fwp%2Fv2%2Fcategories&post=1594"},{"taxonomy":"post_tag","embeddable":true,"href":"https:\/\/blogpeinture.le75.be\/index.php?rest_route=%2Fwp%2Fv2%2Ftags&post=1594"}],"curies":[{"name":"wp","href":"https:\/\/api.w.org\/{rel}","templated":true}]}}