{"id":1668,"date":"2016-03-14T05:59:09","date_gmt":"2016-03-14T03:59:09","guid":{"rendered":"https:\/\/blogpeinture.le75.be\/?p=1668"},"modified":"2016-05-31T22:42:39","modified_gmt":"2016-05-31T20:42:39","slug":"portes-ouvertes-2016","status":"publish","type":"post","link":"https:\/\/blogpeinture.le75.be\/?p=1668","title":{"rendered":"Portes Ouvertes 2016"},"content":{"rendered":"<p><strong><span style=\"font-size: medium;\">L\u2019ESA LE 75<br \/>\nEcole sup\u00e9rieure des arts de l\u2019image<\/span><\/strong><\/p>\n<p>Ouvre ses portes<br \/>\nLes 18 et 19 mars 2016 (de 10h \u00e0 18h)<\/p>\n<p><span style=\"font-size: medium;\"><strong>Vernissage le vendredi 18 mars de 18h \u00e0 20h<\/strong><\/span><\/p>\n<p><a href=\"https:\/\/blogpeinture.le75.be\/wp-content\/uploads\/2016\/03\/flyer_po_2016_crop.jpg\" rel=\"attachment wp-att-1669\"><img loading=\"lazy\" decoding=\"async\" class=\"alignnone size-medium wp-image-1669\" src=\"https:\/\/blogpeinture.le75.be\/wp-content\/uploads\/2016\/03\/flyer_po_2016_crop-221x300.jpg\" alt=\"flyer_po_2016_crop\" width=\"221\" height=\"300\" srcset=\"https:\/\/blogpeinture.le75.be\/wp-content\/uploads\/2016\/03\/flyer_po_2016_crop-221x300.jpg 221w, https:\/\/blogpeinture.le75.be\/wp-content\/uploads\/2016\/03\/flyer_po_2016_crop-768x1045.jpg 768w, https:\/\/blogpeinture.le75.be\/wp-content\/uploads\/2016\/03\/flyer_po_2016_crop-753x1024.jpg 753w, https:\/\/blogpeinture.le75.be\/wp-content\/uploads\/2016\/03\/flyer_po_2016_crop.jpg 899w\" sizes=\"auto, (max-width: 221px) 100vw, 221px\" \/><\/a><\/p>\n<p>Pour le Portes Ouvertes 2016 de l&#8217;atelier Peinture nous avons travaill\u00e9\u00a0avec tous les \u00e9tudiants sur le montage d&#8217;une exposition collective nomm\u00e9e &#8220;Christine&#8221;.<\/p>\n<p>L&#8217;atelier a \u00e9t\u00e9\u00a0divis\u00e9 en 3 espaces: un\u00a0accueil, un passage club techno et une salle d&#8217;exposition, soulign\u00e9 par une bande bleue rappelant le parking du shopping Woluwe. Un\u00a0fanzine a \u00e9t\u00e9 r\u00e9alis\u00e9\u00a0rassemblant des photos du workshop et de la construction du projet.<\/p>\n<p>Merci aux \u00e9tudiants pour leur bonne \u00e9nergie et \u00e0 David Evrard pour son impulsion.<\/p>\n<p><a href=\"https:\/\/blogpeinture.le75.be\/wp-content\/uploads\/2016\/03\/PO_1-1.jpg\" rel=\"attachment wp-att-1724\"><img loading=\"lazy\" decoding=\"async\" class=\"alignnone size-large wp-image-1724\" src=\"https:\/\/blogpeinture.le75.be\/wp-content\/uploads\/2016\/03\/PO_1-1-1024x585.jpg\" alt=\"PO_1\" width=\"450\" height=\"257\" srcset=\"https:\/\/blogpeinture.le75.be\/wp-content\/uploads\/2016\/03\/PO_1-1-1024x585.jpg 1024w, https:\/\/blogpeinture.le75.be\/wp-content\/uploads\/2016\/03\/PO_1-1-300x171.jpg 300w, https:\/\/blogpeinture.le75.be\/wp-content\/uploads\/2016\/03\/PO_1-1-768x439.jpg 768w, https:\/\/blogpeinture.le75.be\/wp-content\/uploads\/2016\/03\/PO_1-1.jpg 1080w\" sizes=\"auto, (max-width: 450px) 100vw, 450px\" \/><\/a><\/p>\n<p><a href=\"https:\/\/blogpeinture.le75.be\/wp-content\/uploads\/2016\/03\/PO_2-1.jpg\" rel=\"attachment wp-att-1726\"><img loading=\"lazy\" decoding=\"async\" class=\"alignnone size-large wp-image-1726\" src=\"https:\/\/blogpeinture.le75.be\/wp-content\/uploads\/2016\/03\/PO_2-1-1024x576.jpg\" alt=\"PO_2\" width=\"450\" height=\"253\" srcset=\"https:\/\/blogpeinture.le75.be\/wp-content\/uploads\/2016\/03\/PO_2-1-1024x576.jpg 1024w, https:\/\/blogpeinture.le75.be\/wp-content\/uploads\/2016\/03\/PO_2-1-300x169.jpg 300w, https:\/\/blogpeinture.le75.be\/wp-content\/uploads\/2016\/03\/PO_2-1-768x432.jpg 768w, https:\/\/blogpeinture.le75.be\/wp-content\/uploads\/2016\/03\/PO_2-1.jpg 1080w\" sizes=\"auto, (max-width: 450px) 100vw, 450px\" \/><\/a><\/p>\n<p><a href=\"https:\/\/blogpeinture.le75.be\/wp-content\/uploads\/2016\/03\/PO_12.jpg\" rel=\"attachment wp-att-1727\"><img loading=\"lazy\" decoding=\"async\" class=\"alignnone size-large wp-image-1727\" src=\"https:\/\/blogpeinture.le75.be\/wp-content\/uploads\/2016\/03\/PO_12-1024x671.jpg\" alt=\"PO_12\" width=\"450\" height=\"295\" srcset=\"https:\/\/blogpeinture.le75.be\/wp-content\/uploads\/2016\/03\/PO_12-1024x671.jpg 1024w, https:\/\/blogpeinture.le75.be\/wp-content\/uploads\/2016\/03\/PO_12-300x197.jpg 300w, https:\/\/blogpeinture.le75.be\/wp-content\/uploads\/2016\/03\/PO_12-768x503.jpg 768w, https:\/\/blogpeinture.le75.be\/wp-content\/uploads\/2016\/03\/PO_12.jpg 1080w\" sizes=\"auto, (max-width: 450px) 100vw, 450px\" \/><\/a><\/p>\n<p><a href=\"https:\/\/blogpeinture.le75.be\/wp-content\/uploads\/2016\/03\/PO_5-1.jpg\" rel=\"attachment wp-att-1729\"><img loading=\"lazy\" decoding=\"async\" class=\"alignnone size-large wp-image-1729\" src=\"https:\/\/blogpeinture.le75.be\/wp-content\/uploads\/2016\/03\/PO_5-1-1024x550.jpg\" alt=\"PO_5\" width=\"450\" height=\"242\" srcset=\"https:\/\/blogpeinture.le75.be\/wp-content\/uploads\/2016\/03\/PO_5-1-1024x550.jpg 1024w, https:\/\/blogpeinture.le75.be\/wp-content\/uploads\/2016\/03\/PO_5-1-300x161.jpg 300w, https:\/\/blogpeinture.le75.be\/wp-content\/uploads\/2016\/03\/PO_5-1-768x412.jpg 768w, https:\/\/blogpeinture.le75.be\/wp-content\/uploads\/2016\/03\/PO_5-1.jpg 1080w\" sizes=\"auto, (max-width: 450px) 100vw, 450px\" \/><\/a><\/p>\n<p><a href=\"https:\/\/blogpeinture.le75.be\/wp-content\/uploads\/2016\/03\/PO_14.jpg\" rel=\"attachment wp-att-1730\"><img loading=\"lazy\" decoding=\"async\" class=\"alignnone size-large wp-image-1730\" src=\"https:\/\/blogpeinture.le75.be\/wp-content\/uploads\/2016\/03\/PO_14-1024x576.jpg\" alt=\"PO_14\" width=\"450\" height=\"253\" srcset=\"https:\/\/blogpeinture.le75.be\/wp-content\/uploads\/2016\/03\/PO_14-1024x576.jpg 1024w, https:\/\/blogpeinture.le75.be\/wp-content\/uploads\/2016\/03\/PO_14-300x169.jpg 300w, https:\/\/blogpeinture.le75.be\/wp-content\/uploads\/2016\/03\/PO_14-768x432.jpg 768w, https:\/\/blogpeinture.le75.be\/wp-content\/uploads\/2016\/03\/PO_14.jpg 1080w\" sizes=\"auto, (max-width: 450px) 100vw, 450px\" \/><\/a><\/p>\n<p><a href=\"https:\/\/blogpeinture.le75.be\/wp-content\/uploads\/2016\/03\/PO_13.jpg\" rel=\"attachment wp-att-1731\"><img loading=\"lazy\" decoding=\"async\" class=\"alignnone size-large wp-image-1731\" src=\"https:\/\/blogpeinture.le75.be\/wp-content\/uploads\/2016\/03\/PO_13-1024x576.jpg\" alt=\"PO_13\" width=\"450\" height=\"253\" srcset=\"https:\/\/blogpeinture.le75.be\/wp-content\/uploads\/2016\/03\/PO_13-1024x576.jpg 1024w, https:\/\/blogpeinture.le75.be\/wp-content\/uploads\/2016\/03\/PO_13-300x169.jpg 300w, https:\/\/blogpeinture.le75.be\/wp-content\/uploads\/2016\/03\/PO_13-768x432.jpg 768w, https:\/\/blogpeinture.le75.be\/wp-content\/uploads\/2016\/03\/PO_13.jpg 1080w\" sizes=\"auto, (max-width: 450px) 100vw, 450px\" \/><\/a><\/p>\n<p><a href=\"https:\/\/blogpeinture.le75.be\/wp-content\/uploads\/2016\/03\/PO_4-1.jpg\" rel=\"attachment wp-att-1732\"><img loading=\"lazy\" decoding=\"async\" class=\"alignnone size-large wp-image-1732\" src=\"https:\/\/blogpeinture.le75.be\/wp-content\/uploads\/2016\/03\/PO_4-1-1024x576.jpg\" alt=\"PO_4\" width=\"450\" height=\"253\" srcset=\"https:\/\/blogpeinture.le75.be\/wp-content\/uploads\/2016\/03\/PO_4-1-1024x576.jpg 1024w, https:\/\/blogpeinture.le75.be\/wp-content\/uploads\/2016\/03\/PO_4-1-300x169.jpg 300w, https:\/\/blogpeinture.le75.be\/wp-content\/uploads\/2016\/03\/PO_4-1-768x432.jpg 768w, https:\/\/blogpeinture.le75.be\/wp-content\/uploads\/2016\/03\/PO_4-1.jpg 1080w\" sizes=\"auto, (max-width: 450px) 100vw, 450px\" \/><\/a><\/p>\n<p><a href=\"https:\/\/blogpeinture.le75.be\/wp-content\/uploads\/2016\/03\/PO_07.jpg\" rel=\"attachment wp-att-1733\"><img loading=\"lazy\" decoding=\"async\" class=\"alignnone size-large wp-image-1733\" src=\"https:\/\/blogpeinture.le75.be\/wp-content\/uploads\/2016\/03\/PO_07-1024x560.jpg\" alt=\"PO_07\" width=\"450\" height=\"246\" srcset=\"https:\/\/blogpeinture.le75.be\/wp-content\/uploads\/2016\/03\/PO_07-1024x560.jpg 1024w, https:\/\/blogpeinture.le75.be\/wp-content\/uploads\/2016\/03\/PO_07-300x164.jpg 300w, https:\/\/blogpeinture.le75.be\/wp-content\/uploads\/2016\/03\/PO_07-768x420.jpg 768w, https:\/\/blogpeinture.le75.be\/wp-content\/uploads\/2016\/03\/PO_07.jpg 1080w\" sizes=\"auto, (max-width: 450px) 100vw, 450px\" \/><\/a><\/p>\n<p><a href=\"https:\/\/blogpeinture.le75.be\/wp-content\/uploads\/2016\/03\/PO_08.jpg\" rel=\"attachment wp-att-1734\"><img loading=\"lazy\" decoding=\"async\" class=\"alignnone size-large wp-image-1734\" src=\"https:\/\/blogpeinture.le75.be\/wp-content\/uploads\/2016\/03\/PO_08-1024x576.jpg\" alt=\"PO_08\" width=\"450\" height=\"253\" srcset=\"https:\/\/blogpeinture.le75.be\/wp-content\/uploads\/2016\/03\/PO_08-1024x576.jpg 1024w, https:\/\/blogpeinture.le75.be\/wp-content\/uploads\/2016\/03\/PO_08-300x169.jpg 300w, https:\/\/blogpeinture.le75.be\/wp-content\/uploads\/2016\/03\/PO_08-768x432.jpg 768w, https:\/\/blogpeinture.le75.be\/wp-content\/uploads\/2016\/03\/PO_08.jpg 1080w\" sizes=\"auto, (max-width: 450px) 100vw, 450px\" \/><\/a><\/p>\n<p><a href=\"https:\/\/blogpeinture.le75.be\/wp-content\/uploads\/2016\/03\/PO_06.jpg\" rel=\"attachment wp-att-1735\"><img loading=\"lazy\" decoding=\"async\" class=\"alignnone size-large wp-image-1735\" src=\"https:\/\/blogpeinture.le75.be\/wp-content\/uploads\/2016\/03\/PO_06-1024x576.jpg\" alt=\"PO_06\" width=\"450\" height=\"253\" srcset=\"https:\/\/blogpeinture.le75.be\/wp-content\/uploads\/2016\/03\/PO_06-1024x576.jpg 1024w, https:\/\/blogpeinture.le75.be\/wp-content\/uploads\/2016\/03\/PO_06-300x169.jpg 300w, https:\/\/blogpeinture.le75.be\/wp-content\/uploads\/2016\/03\/PO_06-768x432.jpg 768w, https:\/\/blogpeinture.le75.be\/wp-content\/uploads\/2016\/03\/PO_06.jpg 1080w\" sizes=\"auto, (max-width: 450px) 100vw, 450px\" \/><\/a><\/p>\n<p><a href=\"https:\/\/blogpeinture.le75.be\/wp-content\/uploads\/2016\/03\/PO_09.jpg\" rel=\"attachment wp-att-1736\"><img loading=\"lazy\" decoding=\"async\" class=\"alignnone size-large wp-image-1736\" src=\"https:\/\/blogpeinture.le75.be\/wp-content\/uploads\/2016\/03\/PO_09-1024x566.jpg\" alt=\"PO_09\" width=\"450\" height=\"249\" srcset=\"https:\/\/blogpeinture.le75.be\/wp-content\/uploads\/2016\/03\/PO_09-1024x566.jpg 1024w, https:\/\/blogpeinture.le75.be\/wp-content\/uploads\/2016\/03\/PO_09-300x166.jpg 300w, https:\/\/blogpeinture.le75.be\/wp-content\/uploads\/2016\/03\/PO_09-768x425.jpg 768w, https:\/\/blogpeinture.le75.be\/wp-content\/uploads\/2016\/03\/PO_09.jpg 1080w\" sizes=\"auto, (max-width: 450px) 100vw, 450px\" \/><\/a><\/p>\n<p><a href=\"https:\/\/blogpeinture.le75.be\/wp-content\/uploads\/2016\/03\/PO_10-1.jpg\" rel=\"attachment wp-att-1737\"><img loading=\"lazy\" decoding=\"async\" class=\"alignnone size-large wp-image-1737\" src=\"https:\/\/blogpeinture.le75.be\/wp-content\/uploads\/2016\/03\/PO_10-1-1024x586.jpg\" alt=\"PO_10\" width=\"450\" height=\"258\" srcset=\"https:\/\/blogpeinture.le75.be\/wp-content\/uploads\/2016\/03\/PO_10-1-1024x586.jpg 1024w, https:\/\/blogpeinture.le75.be\/wp-content\/uploads\/2016\/03\/PO_10-1-300x172.jpg 300w, https:\/\/blogpeinture.le75.be\/wp-content\/uploads\/2016\/03\/PO_10-1-768x439.jpg 768w, https:\/\/blogpeinture.le75.be\/wp-content\/uploads\/2016\/03\/PO_10-1.jpg 1080w\" sizes=\"auto, (max-width: 450px) 100vw, 450px\" \/><\/a><\/p>\n<p><a href=\"https:\/\/blogpeinture.le75.be\/wp-content\/uploads\/2016\/03\/PO_11.jpg\" rel=\"attachment wp-att-1738\"><img loading=\"lazy\" decoding=\"async\" class=\"alignnone size-large wp-image-1738\" src=\"https:\/\/blogpeinture.le75.be\/wp-content\/uploads\/2016\/03\/PO_11-1024x844.jpg\" alt=\"PO_11\" width=\"450\" height=\"371\" srcset=\"https:\/\/blogpeinture.le75.be\/wp-content\/uploads\/2016\/03\/PO_11-1024x844.jpg 1024w, https:\/\/blogpeinture.le75.be\/wp-content\/uploads\/2016\/03\/PO_11-300x247.jpg 300w, https:\/\/blogpeinture.le75.be\/wp-content\/uploads\/2016\/03\/PO_11-768x633.jpg 768w, https:\/\/blogpeinture.le75.be\/wp-content\/uploads\/2016\/03\/PO_11.jpg 1080w\" sizes=\"auto, (max-width: 450px) 100vw, 450px\" \/><\/a><\/p>\n","protected":false},"excerpt":{"rendered":"<p>L\u2019ESA LE 75 Ecole sup\u00e9rieure des arts de l\u2019image Ouvre ses portes Les 18 et 19 mars 2016 (de 10h \u00e0 18h) Vernissage le vendredi 18 mars de 18h \u00e0 20h Pour le Portes Ouvertes 2016 de l&#8217;atelier Peinture nous avons travaill\u00e9\u00a0avec tous les \u00e9tudiants sur le montage d&#8217;une exposition collective nomm\u00e9e &#8220;Christine&#8221;. L&#8217;atelier a [&hellip;]<\/p>\n","protected":false},"author":2,"featured_media":0,"comment_status":"open","ping_status":"open","sticky":false,"template":"","format":"standard","meta":{"footnotes":""},"categories":[7,8],"tags":[],"class_list":["post-1668","post","type-post","status-publish","format-standard","hentry","category-expositions","category-latelier"],"_links":{"self":[{"href":"https:\/\/blogpeinture.le75.be\/index.php?rest_route=\/wp\/v2\/posts\/1668","targetHints":{"allow":["GET"]}}],"collection":[{"href":"https:\/\/blogpeinture.le75.be\/index.php?rest_route=\/wp\/v2\/posts"}],"about":[{"href":"https:\/\/blogpeinture.le75.be\/index.php?rest_route=\/wp\/v2\/types\/post"}],"author":[{"embeddable":true,"href":"https:\/\/blogpeinture.le75.be\/index.php?rest_route=\/wp\/v2\/users\/2"}],"replies":[{"embeddable":true,"href":"https:\/\/blogpeinture.le75.be\/index.php?rest_route=%2Fwp%2Fv2%2Fcomments&post=1668"}],"version-history":[{"count":16,"href":"https:\/\/blogpeinture.le75.be\/index.php?rest_route=\/wp\/v2\/posts\/1668\/revisions"}],"predecessor-version":[{"id":1783,"href":"https:\/\/blogpeinture.le75.be\/index.php?rest_route=\/wp\/v2\/posts\/1668\/revisions\/1783"}],"wp:attachment":[{"href":"https:\/\/blogpeinture.le75.be\/index.php?rest_route=%2Fwp%2Fv2%2Fmedia&parent=1668"}],"wp:term":[{"taxonomy":"category","embeddable":true,"href":"https:\/\/blogpeinture.le75.be\/index.php?rest_route=%2Fwp%2Fv2%2Fcategories&post=1668"},{"taxonomy":"post_tag","embeddable":true,"href":"https:\/\/blogpeinture.le75.be\/index.php?rest_route=%2Fwp%2Fv2%2Ftags&post=1668"}],"curies":[{"name":"wp","href":"https:\/\/api.w.org\/{rel}","templated":true}]}}