{"id":1800,"date":"2016-11-29T17:12:34","date_gmt":"2016-11-29T15:12:34","guid":{"rendered":"https:\/\/blogpeinture.le75.be\/?p=1800"},"modified":"2017-03-15T07:32:54","modified_gmt":"2017-03-15T05:32:54","slug":"apres-lecole","status":"publish","type":"post","link":"https:\/\/blogpeinture.le75.be\/?p=1800","title":{"rendered":"Apr\u00e8s l&#8217;\u00e9cole&#8230; avec C\u00e9line Gillain"},"content":{"rendered":"<p>Conf\u00e9rence et discussion avec <a href=\"https:\/\/vimeo.com\/user33562205\">C\u00e9line Gillain<\/a> sur l&#8217;apr\u00e8s \u00e9cole, le portfolio, les galeries, les r\u00e9sidences, les institutions, la notion du travail&#8230;<\/p>\n<p><a href=\"https:\/\/blogpeinture.le75.be\/wp-content\/uploads\/2016\/11\/gillain1.jpg\"><img loading=\"lazy\" decoding=\"async\" class=\"alignnone size-large wp-image-1801\" src=\"https:\/\/blogpeinture.le75.be\/wp-content\/uploads\/2016\/11\/gillain1-1024x576.jpg\" alt=\"gillain1\" width=\"450\" height=\"253\" srcset=\"https:\/\/blogpeinture.le75.be\/wp-content\/uploads\/2016\/11\/gillain1-1024x576.jpg 1024w, https:\/\/blogpeinture.le75.be\/wp-content\/uploads\/2016\/11\/gillain1-300x169.jpg 300w, https:\/\/blogpeinture.le75.be\/wp-content\/uploads\/2016\/11\/gillain1-768x432.jpg 768w, https:\/\/blogpeinture.le75.be\/wp-content\/uploads\/2016\/11\/gillain1.jpg 1080w\" sizes=\"auto, (max-width: 450px) 100vw, 450px\" \/><\/a><\/p>\n<p><a href=\"https:\/\/blogpeinture.le75.be\/wp-content\/uploads\/2016\/11\/Gillain2.jpg\"><img loading=\"lazy\" decoding=\"async\" class=\"alignnone size-large wp-image-1802\" src=\"https:\/\/blogpeinture.le75.be\/wp-content\/uploads\/2016\/11\/Gillain2-1024x565.jpg\" alt=\"gillain2\" width=\"450\" height=\"248\" srcset=\"https:\/\/blogpeinture.le75.be\/wp-content\/uploads\/2016\/11\/Gillain2-1024x565.jpg 1024w, https:\/\/blogpeinture.le75.be\/wp-content\/uploads\/2016\/11\/Gillain2-300x166.jpg 300w, https:\/\/blogpeinture.le75.be\/wp-content\/uploads\/2016\/11\/Gillain2-768x424.jpg 768w, https:\/\/blogpeinture.le75.be\/wp-content\/uploads\/2016\/11\/Gillain2.jpg 1080w\" sizes=\"auto, (max-width: 450px) 100vw, 450px\" \/><\/a><\/p>\n<p>Quelques vid\u00e9os montr\u00e9es pendant la journ\u00e9e&#8230;<\/p>\n<p><iframe loading=\"lazy\" title=\"PREOCCUPIED Conference: Hito Steyerl on Art as Occupation\" width=\"580\" height=\"326\" src=\"https:\/\/www.youtube.com\/embed\/JHPVPrT4xJk?feature=oembed\" frameborder=\"0\" allow=\"accelerometer; autoplay; clipboard-write; encrypted-media; gyroscope; picture-in-picture; web-share\" referrerpolicy=\"strict-origin-when-cross-origin\" allowfullscreen><\/iframe><\/p>\n<p><iframe loading=\"lazy\" title=\"Conversations | Premiere | Artist Talk | Danh V\u014d\" width=\"580\" height=\"326\" src=\"https:\/\/www.youtube.com\/embed\/cxA8dzfNKzI?feature=oembed\" frameborder=\"0\" allow=\"accelerometer; autoplay; clipboard-write; encrypted-media; gyroscope; picture-in-picture; web-share\" referrerpolicy=\"strict-origin-when-cross-origin\" allowfullscreen><\/iframe><\/p>\n<p><iframe loading=\"lazy\" title=\"Obliterating the Frame: Steve McQueen on Art and Film\" width=\"580\" height=\"326\" src=\"https:\/\/www.youtube.com\/embed\/oumJJ2jErOI?feature=oembed\" frameborder=\"0\" allow=\"accelerometer; autoplay; clipboard-write; encrypted-media; gyroscope; picture-in-picture; web-share\" referrerpolicy=\"strict-origin-when-cross-origin\" allowfullscreen><\/iframe><\/p>\n","protected":false},"excerpt":{"rendered":"<p>Conf\u00e9rence et discussion avec C\u00e9line Gillain sur l&#8217;apr\u00e8s \u00e9cole, le portfolio, les galeries, les r\u00e9sidences, les institutions, la notion du travail&#8230; Quelques vid\u00e9os montr\u00e9es pendant la journ\u00e9e&#8230;<\/p>\n","protected":false},"author":2,"featured_media":0,"comment_status":"open","ping_status":"open","sticky":false,"template":"","format":"standard","meta":{"footnotes":""},"categories":[5,17],"tags":[],"class_list":["post-1800","post","type-post","status-publish","format-standard","hentry","category-3eme-annee","category-invites"],"_links":{"self":[{"href":"https:\/\/blogpeinture.le75.be\/index.php?rest_route=\/wp\/v2\/posts\/1800","targetHints":{"allow":["GET"]}}],"collection":[{"href":"https:\/\/blogpeinture.le75.be\/index.php?rest_route=\/wp\/v2\/posts"}],"about":[{"href":"https:\/\/blogpeinture.le75.be\/index.php?rest_route=\/wp\/v2\/types\/post"}],"author":[{"embeddable":true,"href":"https:\/\/blogpeinture.le75.be\/index.php?rest_route=\/wp\/v2\/users\/2"}],"replies":[{"embeddable":true,"href":"https:\/\/blogpeinture.le75.be\/index.php?rest_route=%2Fwp%2Fv2%2Fcomments&post=1800"}],"version-history":[{"count":6,"href":"https:\/\/blogpeinture.le75.be\/index.php?rest_route=\/wp\/v2\/posts\/1800\/revisions"}],"predecessor-version":[{"id":1894,"href":"https:\/\/blogpeinture.le75.be\/index.php?rest_route=\/wp\/v2\/posts\/1800\/revisions\/1894"}],"wp:attachment":[{"href":"https:\/\/blogpeinture.le75.be\/index.php?rest_route=%2Fwp%2Fv2%2Fmedia&parent=1800"}],"wp:term":[{"taxonomy":"category","embeddable":true,"href":"https:\/\/blogpeinture.le75.be\/index.php?rest_route=%2Fwp%2Fv2%2Fcategories&post=1800"},{"taxonomy":"post_tag","embeddable":true,"href":"https:\/\/blogpeinture.le75.be\/index.php?rest_route=%2Fwp%2Fv2%2Ftags&post=1800"}],"curies":[{"name":"wp","href":"https:\/\/api.w.org\/{rel}","templated":true}]}}