{"id":1855,"date":"2017-03-09T23:43:25","date_gmt":"2017-03-09T21:43:25","guid":{"rendered":"https:\/\/blogpeinture.le75.be\/?p=1855"},"modified":"2017-03-09T23:57:24","modified_gmt":"2017-03-09T21:57:24","slug":"fabrice-samyn","status":"publish","type":"post","link":"https:\/\/blogpeinture.le75.be\/?p=1855","title":{"rendered":"Fabrice Samyn"},"content":{"rendered":"<p>Visite de l&#8217;artiste plasticien <a href=\"http:\/\/fabricesamyn.com\/\">Fabrice Samyn<\/a> \u00e0 l&#8217;atelier Peinture: lecture individuelle des travaux des \u00e9tudiants et pr\u00e9sentation \/ discussion de son travail.<br \/>\nUne tr\u00e8s belle journ\u00e9e&#8230; Merci Fabrice!<\/p>\n<p><a href=\"https:\/\/blogpeinture.le75.be\/wp-content\/uploads\/2017\/03\/samyn.jpg\"><img loading=\"lazy\" decoding=\"async\" src=\"https:\/\/blogpeinture.le75.be\/wp-content\/uploads\/2017\/03\/samyn-300x218.jpg\" alt=\"samyn\" width=\"300\" height=\"218\" class=\"alignnone size-medium wp-image-1856\" srcset=\"https:\/\/blogpeinture.le75.be\/wp-content\/uploads\/2017\/03\/samyn-300x218.jpg 300w, https:\/\/blogpeinture.le75.be\/wp-content\/uploads\/2017\/03\/samyn.jpg 650w\" sizes=\"auto, (max-width: 300px) 100vw, 300px\" \/><\/a><\/p>\n","protected":false},"excerpt":{"rendered":"<p>Visite de l&#8217;artiste plasticien Fabrice Samyn \u00e0 l&#8217;atelier Peinture: lecture individuelle des travaux des \u00e9tudiants et pr\u00e9sentation \/ discussion de son travail. Une tr\u00e8s belle journ\u00e9e&#8230; Merci Fabrice!<\/p>\n","protected":false},"author":2,"featured_media":0,"comment_status":"open","ping_status":"open","sticky":false,"template":"","format":"standard","meta":{"footnotes":""},"categories":[3,4,5,17],"tags":[],"class_list":["post-1855","post","type-post","status-publish","format-standard","hentry","category-1ere-annee","category-2eme-annee","category-3eme-annee","category-invites"],"_links":{"self":[{"href":"https:\/\/blogpeinture.le75.be\/index.php?rest_route=\/wp\/v2\/posts\/1855","targetHints":{"allow":["GET"]}}],"collection":[{"href":"https:\/\/blogpeinture.le75.be\/index.php?rest_route=\/wp\/v2\/posts"}],"about":[{"href":"https:\/\/blogpeinture.le75.be\/index.php?rest_route=\/wp\/v2\/types\/post"}],"author":[{"embeddable":true,"href":"https:\/\/blogpeinture.le75.be\/index.php?rest_route=\/wp\/v2\/users\/2"}],"replies":[{"embeddable":true,"href":"https:\/\/blogpeinture.le75.be\/index.php?rest_route=%2Fwp%2Fv2%2Fcomments&post=1855"}],"version-history":[{"count":5,"href":"https:\/\/blogpeinture.le75.be\/index.php?rest_route=\/wp\/v2\/posts\/1855\/revisions"}],"predecessor-version":[{"id":1866,"href":"https:\/\/blogpeinture.le75.be\/index.php?rest_route=\/wp\/v2\/posts\/1855\/revisions\/1866"}],"wp:attachment":[{"href":"https:\/\/blogpeinture.le75.be\/index.php?rest_route=%2Fwp%2Fv2%2Fmedia&parent=1855"}],"wp:term":[{"taxonomy":"category","embeddable":true,"href":"https:\/\/blogpeinture.le75.be\/index.php?rest_route=%2Fwp%2Fv2%2Fcategories&post=1855"},{"taxonomy":"post_tag","embeddable":true,"href":"https:\/\/blogpeinture.le75.be\/index.php?rest_route=%2Fwp%2Fv2%2Ftags&post=1855"}],"curies":[{"name":"wp","href":"https:\/\/api.w.org\/{rel}","templated":true}]}}