{"id":2015,"date":"2017-10-05T21:31:57","date_gmt":"2017-10-05T19:31:57","guid":{"rendered":"https:\/\/blogpeinture.le75.be\/?p=2015"},"modified":"2017-10-22T21:55:11","modified_gmt":"2017-10-22T19:55:11","slug":"erasmus","status":"publish","type":"post","link":"https:\/\/blogpeinture.le75.be\/?p=2015","title":{"rendered":"Erasmus"},"content":{"rendered":"<p>Pr\u00e9sentation de M\u00e9lodie sur son s\u00e9jour Erasmus \u00e0 la <a href=\"http:\/\/www.fba.up.pt\/\">Faculdade de Belas Artes de Porto<\/a>.<br \/>\n<a href=\"https:\/\/blogpeinture.le75.be\/wp-content\/uploads\/2017\/10\/erasmus.jpg\"><img loading=\"lazy\" decoding=\"async\" class=\"alignnone size-large wp-image-2017\" src=\"https:\/\/blogpeinture.le75.be\/wp-content\/uploads\/2017\/10\/erasmus-1024x928.jpg\" alt=\"\" width=\"450\" height=\"408\" srcset=\"https:\/\/blogpeinture.le75.be\/wp-content\/uploads\/2017\/10\/erasmus-1024x928.jpg 1024w, https:\/\/blogpeinture.le75.be\/wp-content\/uploads\/2017\/10\/erasmus-300x272.jpg 300w, https:\/\/blogpeinture.le75.be\/wp-content\/uploads\/2017\/10\/erasmus-768x696.jpg 768w, https:\/\/blogpeinture.le75.be\/wp-content\/uploads\/2017\/10\/erasmus.jpg 1080w\" sizes=\"auto, (max-width: 450px) 100vw, 450px\" \/><\/a><\/p>\n","protected":false},"excerpt":{"rendered":"<p>Pr\u00e9sentation de M\u00e9lodie sur son s\u00e9jour Erasmus \u00e0 la Faculdade de Belas Artes de Porto.<\/p>\n","protected":false},"author":2,"featured_media":0,"comment_status":"open","ping_status":"open","sticky":false,"template":"","format":"standard","meta":{"footnotes":""},"categories":[8],"tags":[],"class_list":["post-2015","post","type-post","status-publish","format-standard","hentry","category-latelier"],"_links":{"self":[{"href":"https:\/\/blogpeinture.le75.be\/index.php?rest_route=\/wp\/v2\/posts\/2015","targetHints":{"allow":["GET"]}}],"collection":[{"href":"https:\/\/blogpeinture.le75.be\/index.php?rest_route=\/wp\/v2\/posts"}],"about":[{"href":"https:\/\/blogpeinture.le75.be\/index.php?rest_route=\/wp\/v2\/types\/post"}],"author":[{"embeddable":true,"href":"https:\/\/blogpeinture.le75.be\/index.php?rest_route=\/wp\/v2\/users\/2"}],"replies":[{"embeddable":true,"href":"https:\/\/blogpeinture.le75.be\/index.php?rest_route=%2Fwp%2Fv2%2Fcomments&post=2015"}],"version-history":[{"count":2,"href":"https:\/\/blogpeinture.le75.be\/index.php?rest_route=\/wp\/v2\/posts\/2015\/revisions"}],"predecessor-version":[{"id":2036,"href":"https:\/\/blogpeinture.le75.be\/index.php?rest_route=\/wp\/v2\/posts\/2015\/revisions\/2036"}],"wp:attachment":[{"href":"https:\/\/blogpeinture.le75.be\/index.php?rest_route=%2Fwp%2Fv2%2Fmedia&parent=2015"}],"wp:term":[{"taxonomy":"category","embeddable":true,"href":"https:\/\/blogpeinture.le75.be\/index.php?rest_route=%2Fwp%2Fv2%2Fcategories&post=2015"},{"taxonomy":"post_tag","embeddable":true,"href":"https:\/\/blogpeinture.le75.be\/index.php?rest_route=%2Fwp%2Fv2%2Ftags&post=2015"}],"curies":[{"name":"wp","href":"https:\/\/api.w.org\/{rel}","templated":true}]}}