{"id":2049,"date":"2017-12-18T12:58:36","date_gmt":"2017-12-18T10:58:36","guid":{"rendered":"https:\/\/blogpeinture.le75.be\/?p=2049"},"modified":"2018-01-31T23:02:40","modified_gmt":"2018-01-31T21:02:40","slug":"visuel-porte-ouvertes-2018","status":"publish","type":"post","link":"https:\/\/blogpeinture.le75.be\/?p=2049","title":{"rendered":"Visuel Portes Ouvertes 2018"},"content":{"rendered":"<p>Pour l&#8217;\u00e9dition 2018 des Portes Ouvertes, l&#8217;orientation Peinture qui est responsable de l&#8217;image.<\/p>\n<p>Une occasion pour travailler ensemble\u00a0avec nos professeurs &#8220;Technique&#8221;, sur un visuel inspir\u00e9 d&#8217;un th\u00e8me classic de la peinture, la &#8220;Vanit\u00e9&#8221;.<\/p>\n<p>Les \u00e9tudiants ont r\u00e9alis\u00e9 des objets en rapport avec le th\u00e8me et assembl\u00e9 le tout pour constituer un tableau \u00e0 \u00eatre photographi\u00e9.<\/p>\n<p><a href=\"https:\/\/blogpeinture.le75.be\/wp-content\/uploads\/2018\/01\/PO_01.jpg\"><img loading=\"lazy\" decoding=\"async\" class=\"alignnone size-large wp-image-2051\" src=\"https:\/\/blogpeinture.le75.be\/wp-content\/uploads\/2018\/01\/PO_01-662x1024.jpg\" alt=\"\" width=\"450\" height=\"696\" srcset=\"https:\/\/blogpeinture.le75.be\/wp-content\/uploads\/2018\/01\/PO_01-662x1024.jpg 662w, https:\/\/blogpeinture.le75.be\/wp-content\/uploads\/2018\/01\/PO_01-194x300.jpg 194w, https:\/\/blogpeinture.le75.be\/wp-content\/uploads\/2018\/01\/PO_01-768x1188.jpg 768w, https:\/\/blogpeinture.le75.be\/wp-content\/uploads\/2018\/01\/PO_01.jpg 1080w\" sizes=\"auto, (max-width: 450px) 100vw, 450px\" \/><\/a><\/p>\n<p>&nbsp;<\/p>\n","protected":false},"excerpt":{"rendered":"<p>Pour l&#8217;\u00e9dition 2018 des Portes Ouvertes, l&#8217;orientation Peinture qui est responsable de l&#8217;image. Une occasion pour travailler ensemble\u00a0avec nos professeurs &#8220;Technique&#8221;, sur un visuel inspir\u00e9 d&#8217;un th\u00e8me classic de la peinture, la &#8220;Vanit\u00e9&#8221;. Les \u00e9tudiants ont r\u00e9alis\u00e9 des objets en rapport avec le th\u00e8me et assembl\u00e9 le tout pour constituer un tableau \u00e0 \u00eatre photographi\u00e9. [&hellip;]<\/p>\n","protected":false},"author":2,"featured_media":0,"comment_status":"open","ping_status":"open","sticky":false,"template":"","format":"standard","meta":{"footnotes":""},"categories":[8],"tags":[],"class_list":["post-2049","post","type-post","status-publish","format-standard","hentry","category-latelier"],"_links":{"self":[{"href":"https:\/\/blogpeinture.le75.be\/index.php?rest_route=\/wp\/v2\/posts\/2049","targetHints":{"allow":["GET"]}}],"collection":[{"href":"https:\/\/blogpeinture.le75.be\/index.php?rest_route=\/wp\/v2\/posts"}],"about":[{"href":"https:\/\/blogpeinture.le75.be\/index.php?rest_route=\/wp\/v2\/types\/post"}],"author":[{"embeddable":true,"href":"https:\/\/blogpeinture.le75.be\/index.php?rest_route=\/wp\/v2\/users\/2"}],"replies":[{"embeddable":true,"href":"https:\/\/blogpeinture.le75.be\/index.php?rest_route=%2Fwp%2Fv2%2Fcomments&post=2049"}],"version-history":[{"count":4,"href":"https:\/\/blogpeinture.le75.be\/index.php?rest_route=\/wp\/v2\/posts\/2049\/revisions"}],"predecessor-version":[{"id":2094,"href":"https:\/\/blogpeinture.le75.be\/index.php?rest_route=\/wp\/v2\/posts\/2049\/revisions\/2094"}],"wp:attachment":[{"href":"https:\/\/blogpeinture.le75.be\/index.php?rest_route=%2Fwp%2Fv2%2Fmedia&parent=2049"}],"wp:term":[{"taxonomy":"category","embeddable":true,"href":"https:\/\/blogpeinture.le75.be\/index.php?rest_route=%2Fwp%2Fv2%2Fcategories&post=2049"},{"taxonomy":"post_tag","embeddable":true,"href":"https:\/\/blogpeinture.le75.be\/index.php?rest_route=%2Fwp%2Fv2%2Ftags&post=2049"}],"curies":[{"name":"wp","href":"https:\/\/api.w.org\/{rel}","templated":true}]}}