{"id":2356,"date":"2018-12-06T12:15:40","date_gmt":"2018-12-06T10:15:40","guid":{"rendered":"https:\/\/blogpeinture.le75.be\/?p=2356"},"modified":"2018-12-20T13:14:35","modified_gmt":"2018-12-20T11:14:35","slug":"cours-de-couleur-couleur-et-langage-langage-verbal-langage-numerique","status":"publish","type":"post","link":"https:\/\/blogpeinture.le75.be\/?p=2356","title":{"rendered":"Cours de couleur \/\/ Couleur et langage  \/\/ langage verbal &#8211; langage num\u00e9rique"},"content":{"rendered":"<p>Petit d\u00e9jeuner couleur pour les B1: entre chaque tartine, on discute de quelle couleur est le caf\u00e9, le th\u00e9 blanc et les diff\u00e9rents chocolats pr\u00e9sents sur la table.<\/p>\n<p>Le couvercle du cacao en poudre, le chocolat chaud que l&#8217;on boit.<\/p>\n<p><a href=\"https:\/\/blogpeinture.le75.be\/wp-content\/uploads\/2018\/12\/dcouleur01.jpg\"><img loading=\"lazy\" decoding=\"async\" class=\"alignnone size-large wp-image-2362\" src=\"https:\/\/blogpeinture.le75.be\/wp-content\/uploads\/2018\/12\/dcouleur01-1024x768.jpg\" alt=\"\" width=\"450\" height=\"338\" srcset=\"https:\/\/blogpeinture.le75.be\/wp-content\/uploads\/2018\/12\/dcouleur01-1024x768.jpg 1024w, https:\/\/blogpeinture.le75.be\/wp-content\/uploads\/2018\/12\/dcouleur01-300x225.jpg 300w, https:\/\/blogpeinture.le75.be\/wp-content\/uploads\/2018\/12\/dcouleur01-768x576.jpg 768w, https:\/\/blogpeinture.le75.be\/wp-content\/uploads\/2018\/12\/dcouleur01.jpg 1080w\" sizes=\"auto, (max-width: 450px) 100vw, 450px\" \/><\/a><\/p>\n<p>Ensuite on ouvre une bo\u00eete de crayons de couleurs (8O!) et chacun essaie de retrouver par les crayons ce qui correspond \u00e0 ce que l&#8217;on voit.<\/p>\n<p><a href=\"https:\/\/blogpeinture.le75.be\/wp-content\/uploads\/2018\/12\/couleur05.jpg\"><img loading=\"lazy\" decoding=\"async\" class=\"alignnone size-large wp-image-2361\" src=\"https:\/\/blogpeinture.le75.be\/wp-content\/uploads\/2018\/12\/couleur05-1024x768.jpg\" alt=\"\" width=\"450\" height=\"338\" srcset=\"https:\/\/blogpeinture.le75.be\/wp-content\/uploads\/2018\/12\/couleur05-1024x768.jpg 1024w, https:\/\/blogpeinture.le75.be\/wp-content\/uploads\/2018\/12\/couleur05-300x225.jpg 300w, https:\/\/blogpeinture.le75.be\/wp-content\/uploads\/2018\/12\/couleur05-768x576.jpg 768w, https:\/\/blogpeinture.le75.be\/wp-content\/uploads\/2018\/12\/couleur05.jpg 1080w\" sizes=\"auto, (max-width: 450px) 100vw, 450px\" \/><\/a><\/p>\n<p><a href=\"https:\/\/blogpeinture.le75.be\/wp-content\/uploads\/2018\/12\/couleur02.jpg\"><img loading=\"lazy\" decoding=\"async\" class=\"alignnone size-large wp-image-2358\" src=\"https:\/\/blogpeinture.le75.be\/wp-content\/uploads\/2018\/12\/couleur02-1024x812.jpg\" alt=\"\" width=\"450\" height=\"357\" srcset=\"https:\/\/blogpeinture.le75.be\/wp-content\/uploads\/2018\/12\/couleur02-1024x812.jpg 1024w, https:\/\/blogpeinture.le75.be\/wp-content\/uploads\/2018\/12\/couleur02-300x238.jpg 300w, https:\/\/blogpeinture.le75.be\/wp-content\/uploads\/2018\/12\/couleur02-768x609.jpg 768w, https:\/\/blogpeinture.le75.be\/wp-content\/uploads\/2018\/12\/couleur02.jpg 1080w\" sizes=\"auto, (max-width: 450px) 100vw, 450px\" \/><\/a><\/p>\n<p>En dix minutes: ranger une bo\u00eete de crayons couleurs (sans voir celle toute neuve, ici d\u00e9ball\u00e9e pour comparaison)<\/p>\n<p><a href=\"https:\/\/blogpeinture.le75.be\/wp-content\/uploads\/2018\/12\/couleur03.jpg\"><img loading=\"lazy\" decoding=\"async\" class=\"alignnone size-large wp-image-2359\" src=\"https:\/\/blogpeinture.le75.be\/wp-content\/uploads\/2018\/12\/couleur03-1024x855.jpg\" alt=\"\" width=\"450\" height=\"376\" srcset=\"https:\/\/blogpeinture.le75.be\/wp-content\/uploads\/2018\/12\/couleur03-1024x855.jpg 1024w, https:\/\/blogpeinture.le75.be\/wp-content\/uploads\/2018\/12\/couleur03-300x251.jpg 300w, https:\/\/blogpeinture.le75.be\/wp-content\/uploads\/2018\/12\/couleur03-768x641.jpg 768w, https:\/\/blogpeinture.le75.be\/wp-content\/uploads\/2018\/12\/couleur03.jpg 1080w\" sizes=\"auto, (max-width: 450px) 100vw, 450px\" \/><\/a><\/p>\n<p>Comment trier, quel groupe faire? Il faut regarder, nommer, se mettre d&#8217;accord&#8230;<\/p>\n<p><a href=\"https:\/\/blogpeinture.le75.be\/wp-content\/uploads\/2018\/12\/couleur04.jpg\"><img loading=\"lazy\" decoding=\"async\" class=\"alignnone size-large wp-image-2360\" src=\"https:\/\/blogpeinture.le75.be\/wp-content\/uploads\/2018\/12\/couleur04-1024x768.jpg\" alt=\"\" width=\"450\" height=\"338\" srcset=\"https:\/\/blogpeinture.le75.be\/wp-content\/uploads\/2018\/12\/couleur04-1024x768.jpg 1024w, https:\/\/blogpeinture.le75.be\/wp-content\/uploads\/2018\/12\/couleur04-300x225.jpg 300w, https:\/\/blogpeinture.le75.be\/wp-content\/uploads\/2018\/12\/couleur04-768x576.jpg 768w, https:\/\/blogpeinture.le75.be\/wp-content\/uploads\/2018\/12\/couleur04.jpg 1080w\" sizes=\"auto, (max-width: 450px) 100vw, 450px\" \/><\/a><\/p>\n<p>Quelques rappels des cercles chromatiques artistiques historiques:<\/p>\n<p>ici le premier cercle chromatique publi\u00e9 par Isaac Newton de par l&#8217;observation de la division de la lumi\u00e8re du jour.<\/p>\n<p><a href=\"https:\/\/blogpeinture.le75.be\/wp-content\/uploads\/2018\/12\/couleur06.jpg\"><img loading=\"lazy\" decoding=\"async\" class=\"alignnone size-large wp-image-2363\" src=\"https:\/\/blogpeinture.le75.be\/wp-content\/uploads\/2018\/12\/couleur06-1024x768.jpg\" alt=\"\" width=\"450\" height=\"338\" srcset=\"https:\/\/blogpeinture.le75.be\/wp-content\/uploads\/2018\/12\/couleur06-1024x768.jpg 1024w, https:\/\/blogpeinture.le75.be\/wp-content\/uploads\/2018\/12\/couleur06-300x225.jpg 300w, https:\/\/blogpeinture.le75.be\/wp-content\/uploads\/2018\/12\/couleur06-768x576.jpg 768w, https:\/\/blogpeinture.le75.be\/wp-content\/uploads\/2018\/12\/couleur06.jpg 1080w\" sizes=\"auto, (max-width: 450px) 100vw, 450px\" \/><\/a><\/p>\n<p><a href=\"https:\/\/blogpeinture.le75.be\/wp-content\/uploads\/2018\/12\/couleur08.jpg\"><img loading=\"lazy\" decoding=\"async\" class=\"alignnone size-large wp-image-2365\" src=\"https:\/\/blogpeinture.le75.be\/wp-content\/uploads\/2018\/12\/couleur08-1024x768.jpg\" alt=\"\" width=\"450\" height=\"338\" srcset=\"https:\/\/blogpeinture.le75.be\/wp-content\/uploads\/2018\/12\/couleur08-1024x768.jpg 1024w, https:\/\/blogpeinture.le75.be\/wp-content\/uploads\/2018\/12\/couleur08-300x225.jpg 300w, https:\/\/blogpeinture.le75.be\/wp-content\/uploads\/2018\/12\/couleur08-768x576.jpg 768w, https:\/\/blogpeinture.le75.be\/wp-content\/uploads\/2018\/12\/couleur08.jpg 1080w\" sizes=\"auto, (max-width: 450px) 100vw, 450px\" \/><\/a><\/p>\n<p>Les crayons de couleur ce sont aussi des couleurs nomm\u00e9es: bleu de Prusse, bleu de Berlin, bleu jeans, bleu de G\u00eanes, de N\u00eemes, denim &#8230;<\/p>\n<p>Par la suite, se dessine une mini g\u00e9ographie de la couleur en sous-jacent d&#8217;une histoire culturelle des couleurs<\/p>\n<p>&nbsp;<\/p>\n<p><a href=\"https:\/\/blogpeinture.le75.be\/wp-content\/uploads\/2018\/12\/couleur07.jpg\"><img loading=\"lazy\" decoding=\"async\" class=\"alignnone size-large wp-image-2364\" src=\"https:\/\/blogpeinture.le75.be\/wp-content\/uploads\/2018\/12\/couleur07-1024x768.jpg\" alt=\"\" width=\"450\" height=\"338\" srcset=\"https:\/\/blogpeinture.le75.be\/wp-content\/uploads\/2018\/12\/couleur07-1024x768.jpg 1024w, https:\/\/blogpeinture.le75.be\/wp-content\/uploads\/2018\/12\/couleur07-300x225.jpg 300w, https:\/\/blogpeinture.le75.be\/wp-content\/uploads\/2018\/12\/couleur07-768x576.jpg 768w, https:\/\/blogpeinture.le75.be\/wp-content\/uploads\/2018\/12\/couleur07.jpg 1080w\" sizes=\"auto, (max-width: 450px) 100vw, 450px\" \/><\/a><\/p>\n<p>Bibliographie:<\/p>\n<p><a href=\"https:\/\/blogpeinture.le75.be\/wp-content\/uploads\/2018\/12\/couleur09.jpg\"><img loading=\"lazy\" decoding=\"async\" class=\"alignnone size-large wp-image-2366\" src=\"https:\/\/blogpeinture.le75.be\/wp-content\/uploads\/2018\/12\/couleur09-802x1024.jpg\" alt=\"\" width=\"450\" height=\"575\" srcset=\"https:\/\/blogpeinture.le75.be\/wp-content\/uploads\/2018\/12\/couleur09-802x1024.jpg 802w, https:\/\/blogpeinture.le75.be\/wp-content\/uploads\/2018\/12\/couleur09-235x300.jpg 235w, https:\/\/blogpeinture.le75.be\/wp-content\/uploads\/2018\/12\/couleur09-768x981.jpg 768w, https:\/\/blogpeinture.le75.be\/wp-content\/uploads\/2018\/12\/couleur09.jpg 1080w\" sizes=\"auto, (max-width: 450px) 100vw, 450px\" \/><\/a><\/p>\n","protected":false},"excerpt":{"rendered":"<p>Petit d\u00e9jeuner couleur pour les B1: entre chaque tartine, on discute de quelle couleur est le caf\u00e9, le th\u00e9 blanc et les diff\u00e9rents chocolats pr\u00e9sents sur la table. Le couvercle du cacao en poudre, le chocolat chaud que l&#8217;on boit. Ensuite on ouvre une bo\u00eete de crayons de couleurs (8O!) et chacun essaie de retrouver [&hellip;]<\/p>\n","protected":false},"author":2,"featured_media":0,"comment_status":"open","ping_status":"open","sticky":false,"template":"","format":"standard","meta":{"footnotes":""},"categories":[3],"tags":[],"class_list":["post-2356","post","type-post","status-publish","format-standard","hentry","category-1ere-annee"],"_links":{"self":[{"href":"https:\/\/blogpeinture.le75.be\/index.php?rest_route=\/wp\/v2\/posts\/2356","targetHints":{"allow":["GET"]}}],"collection":[{"href":"https:\/\/blogpeinture.le75.be\/index.php?rest_route=\/wp\/v2\/posts"}],"about":[{"href":"https:\/\/blogpeinture.le75.be\/index.php?rest_route=\/wp\/v2\/types\/post"}],"author":[{"embeddable":true,"href":"https:\/\/blogpeinture.le75.be\/index.php?rest_route=\/wp\/v2\/users\/2"}],"replies":[{"embeddable":true,"href":"https:\/\/blogpeinture.le75.be\/index.php?rest_route=%2Fwp%2Fv2%2Fcomments&post=2356"}],"version-history":[{"count":1,"href":"https:\/\/blogpeinture.le75.be\/index.php?rest_route=\/wp\/v2\/posts\/2356\/revisions"}],"predecessor-version":[{"id":2367,"href":"https:\/\/blogpeinture.le75.be\/index.php?rest_route=\/wp\/v2\/posts\/2356\/revisions\/2367"}],"wp:attachment":[{"href":"https:\/\/blogpeinture.le75.be\/index.php?rest_route=%2Fwp%2Fv2%2Fmedia&parent=2356"}],"wp:term":[{"taxonomy":"category","embeddable":true,"href":"https:\/\/blogpeinture.le75.be\/index.php?rest_route=%2Fwp%2Fv2%2Fcategories&post=2356"},{"taxonomy":"post_tag","embeddable":true,"href":"https:\/\/blogpeinture.le75.be\/index.php?rest_route=%2Fwp%2Fv2%2Ftags&post=2356"}],"curies":[{"name":"wp","href":"https:\/\/api.w.org\/{rel}","templated":true}]}}