{"id":2408,"date":"2019-02-04T11:44:23","date_gmt":"2019-02-04T09:44:23","guid":{"rendered":"https:\/\/blogpeinture.le75.be\/?p=2408"},"modified":"2019-02-19T14:43:34","modified_gmt":"2019-02-19T12:43:34","slug":"semaine-atypique-3-julien-meert","status":"publish","type":"post","link":"https:\/\/blogpeinture.le75.be\/?p=2408","title":{"rendered":"Semaine Atypique 3: workshops!"},"content":{"rendered":"<p>B1: <a href=\"http:\/\/www.sorrywereclosed.com\/artistes\/oeuvres\/8373\/julien-meert\">Julien Meert<\/a> \u00ab\u00a0l\u2019auto-portrait dans l\u2019atelier\u00a0\u00bb<\/p>\n<p>La double consigne de cet exercice est de produire un travail qui inclue l\u2019id\u00e9e d\u2019auto repr\u00e9sentation\u00a0(pas forc\u00e9ment figurative) en rapport \u00e0 l\u2019espace de travail .<\/p>\n<p>L\u2019id\u00e9e est de faire prendre conscience \u00e0 l&#8217;\u00e9tudiant de son espace de travail comme \u00e9tant indissociable du travail lui-m\u00eame, et que cet espace est g\u00e9n\u00e9rateur de sensations et d\u2019interactions sociales qui ont une influence sur ce qui est produit.<\/p>\n<p>Cela peut se passer aussi \u00e0 un niveau plus m\u00e9taphorique, o\u00f9 un espace peut \u00eatre modifi\u00e9 intentionnellement par l&#8217;artiste pour faire passer une \u00e9motion (voir &#8220;atelier rouge&#8221; de Matisse o\u00f9 la couleur n\u2019est plus descriptive mais symbolique).<\/p>\n<p>Artistes r\u00e9f\u00e9rants:<\/p>\n<div dir=\"ltr\">-Henri Matisse<\/div>\n<div dir=\"ltr\">-Philip Guston<\/div>\n<div dir=\"ltr\">-Nicole Eisenman<\/div>\n<div dir=\"ltr\">-Marie-Louise Ekman<\/div>\n<div dir=\"ltr\">-Joan Brown<\/div>\n<div dir=\"ltr\">-Lynn Hershman Leeson<\/div>\n<div dir=\"ltr\">-Cindy Sherman<\/div>\n<div dir=\"ltr\">-Ebecho Muslimova<\/div>\n<div dir=\"ltr\">-Pierre Molinier<\/div>\n<p><a href=\"https:\/\/blogpeinture.le75.be\/wp-content\/uploads\/2019\/02\/Julien_meert_wkshop.jpg\"><img loading=\"lazy\" decoding=\"async\" class=\"alignnone size-full wp-image-2409\" src=\"https:\/\/blogpeinture.le75.be\/wp-content\/uploads\/2019\/02\/Julien_meert_wkshop.jpg\" alt=\"\" width=\"518\" height=\"691\" srcset=\"https:\/\/blogpeinture.le75.be\/wp-content\/uploads\/2019\/02\/Julien_meert_wkshop.jpg 518w, https:\/\/blogpeinture.le75.be\/wp-content\/uploads\/2019\/02\/Julien_meert_wkshop-225x300.jpg 225w\" sizes=\"auto, (max-width: 518px) 100vw, 518px\" \/><\/a><\/p>\n<p><a href=\"https:\/\/blogpeinture.le75.be\/wp-content\/uploads\/2019\/02\/julienM1.jpg\"><img loading=\"lazy\" decoding=\"async\" class=\"alignnone size-large wp-image-2432\" src=\"https:\/\/blogpeinture.le75.be\/wp-content\/uploads\/2019\/02\/julienM1-1024x777.jpg\" alt=\"\" width=\"450\" height=\"341\" srcset=\"https:\/\/blogpeinture.le75.be\/wp-content\/uploads\/2019\/02\/julienM1-1024x777.jpg 1024w, https:\/\/blogpeinture.le75.be\/wp-content\/uploads\/2019\/02\/julienM1-300x228.jpg 300w, https:\/\/blogpeinture.le75.be\/wp-content\/uploads\/2019\/02\/julienM1-768x582.jpg 768w, https:\/\/blogpeinture.le75.be\/wp-content\/uploads\/2019\/02\/julienM1.jpg 1080w\" sizes=\"auto, (max-width: 450px) 100vw, 450px\" \/><\/a><\/p>\n<p><a href=\"https:\/\/blogpeinture.le75.be\/wp-content\/uploads\/2019\/02\/julienM2.jpg\"><img loading=\"lazy\" decoding=\"async\" class=\"alignnone size-large wp-image-2433\" src=\"https:\/\/blogpeinture.le75.be\/wp-content\/uploads\/2019\/02\/julienM2-1024x576.jpg\" alt=\"\" width=\"450\" height=\"253\" srcset=\"https:\/\/blogpeinture.le75.be\/wp-content\/uploads\/2019\/02\/julienM2-1024x576.jpg 1024w, https:\/\/blogpeinture.le75.be\/wp-content\/uploads\/2019\/02\/julienM2-300x169.jpg 300w, https:\/\/blogpeinture.le75.be\/wp-content\/uploads\/2019\/02\/julienM2-768x432.jpg 768w, https:\/\/blogpeinture.le75.be\/wp-content\/uploads\/2019\/02\/julienM2.jpg 1080w\" sizes=\"auto, (max-width: 450px) 100vw, 450px\" \/><\/a><\/p>\n<p><a href=\"https:\/\/blogpeinture.le75.be\/wp-content\/uploads\/2019\/02\/julienM5.jpg\"><img loading=\"lazy\" decoding=\"async\" class=\"alignnone size-large wp-image-2445\" src=\"https:\/\/blogpeinture.le75.be\/wp-content\/uploads\/2019\/02\/julienM5-1024x741.jpg\" alt=\"\" width=\"450\" height=\"326\" srcset=\"https:\/\/blogpeinture.le75.be\/wp-content\/uploads\/2019\/02\/julienM5-1024x741.jpg 1024w, https:\/\/blogpeinture.le75.be\/wp-content\/uploads\/2019\/02\/julienM5-300x217.jpg 300w, https:\/\/blogpeinture.le75.be\/wp-content\/uploads\/2019\/02\/julienM5-768x555.jpg 768w, https:\/\/blogpeinture.le75.be\/wp-content\/uploads\/2019\/02\/julienM5.jpg 1080w\" sizes=\"auto, (max-width: 450px) 100vw, 450px\" \/><\/a><\/p>\n<p><a href=\"https:\/\/blogpeinture.le75.be\/wp-content\/uploads\/2019\/02\/julienM6.jpg\"><img loading=\"lazy\" decoding=\"async\" class=\"alignnone size-large wp-image-2446\" src=\"https:\/\/blogpeinture.le75.be\/wp-content\/uploads\/2019\/02\/julienM6-1024x719.jpg\" alt=\"\" width=\"450\" height=\"316\" srcset=\"https:\/\/blogpeinture.le75.be\/wp-content\/uploads\/2019\/02\/julienM6-1024x719.jpg 1024w, https:\/\/blogpeinture.le75.be\/wp-content\/uploads\/2019\/02\/julienM6-300x211.jpg 300w, https:\/\/blogpeinture.le75.be\/wp-content\/uploads\/2019\/02\/julienM6-768x539.jpg 768w, https:\/\/blogpeinture.le75.be\/wp-content\/uploads\/2019\/02\/julienM6.jpg 1080w\" sizes=\"auto, (max-width: 450px) 100vw, 450px\" \/><\/a><\/p>\n<p><a href=\"https:\/\/blogpeinture.le75.be\/wp-content\/uploads\/2019\/02\/julienM8.jpg\"><img loading=\"lazy\" decoding=\"async\" class=\"alignnone size-large wp-image-2448\" src=\"https:\/\/blogpeinture.le75.be\/wp-content\/uploads\/2019\/02\/julienM8-1024x683.jpg\" alt=\"\" width=\"450\" height=\"300\" srcset=\"https:\/\/blogpeinture.le75.be\/wp-content\/uploads\/2019\/02\/julienM8-1024x683.jpg 1024w, https:\/\/blogpeinture.le75.be\/wp-content\/uploads\/2019\/02\/julienM8-300x200.jpg 300w, https:\/\/blogpeinture.le75.be\/wp-content\/uploads\/2019\/02\/julienM8-768x512.jpg 768w, https:\/\/blogpeinture.le75.be\/wp-content\/uploads\/2019\/02\/julienM8.jpg 1080w\" sizes=\"auto, (max-width: 450px) 100vw, 450px\" \/><\/a><\/p>\n<p><a href=\"https:\/\/blogpeinture.le75.be\/wp-content\/uploads\/2019\/02\/julienM7.jpg\"><img loading=\"lazy\" decoding=\"async\" class=\"alignnone size-large wp-image-2447\" src=\"https:\/\/blogpeinture.le75.be\/wp-content\/uploads\/2019\/02\/julienM7-1024x530.jpg\" alt=\"\" width=\"450\" height=\"233\" srcset=\"https:\/\/blogpeinture.le75.be\/wp-content\/uploads\/2019\/02\/julienM7-1024x530.jpg 1024w, https:\/\/blogpeinture.le75.be\/wp-content\/uploads\/2019\/02\/julienM7-300x155.jpg 300w, https:\/\/blogpeinture.le75.be\/wp-content\/uploads\/2019\/02\/julienM7-768x398.jpg 768w, https:\/\/blogpeinture.le75.be\/wp-content\/uploads\/2019\/02\/julienM7.jpg 1080w\" sizes=\"auto, (max-width: 450px) 100vw, 450px\" \/><\/a><\/p>\n<p><a href=\"https:\/\/blogpeinture.le75.be\/wp-content\/uploads\/2019\/02\/julienM9.jpg\"><img loading=\"lazy\" decoding=\"async\" class=\"alignnone size-large wp-image-2449\" src=\"https:\/\/blogpeinture.le75.be\/wp-content\/uploads\/2019\/02\/julienM9-1024x821.jpg\" alt=\"\" width=\"450\" height=\"361\" srcset=\"https:\/\/blogpeinture.le75.be\/wp-content\/uploads\/2019\/02\/julienM9-1024x821.jpg 1024w, https:\/\/blogpeinture.le75.be\/wp-content\/uploads\/2019\/02\/julienM9-300x241.jpg 300w, https:\/\/blogpeinture.le75.be\/wp-content\/uploads\/2019\/02\/julienM9-768x616.jpg 768w, https:\/\/blogpeinture.le75.be\/wp-content\/uploads\/2019\/02\/julienM9.jpg 1080w\" sizes=\"auto, (max-width: 450px) 100vw, 450px\" \/><\/a><\/p>\n<p><a href=\"https:\/\/blogpeinture.le75.be\/wp-content\/uploads\/2019\/02\/julienM10.jpg\"><img loading=\"lazy\" decoding=\"async\" class=\"alignnone size-large wp-image-2450\" src=\"https:\/\/blogpeinture.le75.be\/wp-content\/uploads\/2019\/02\/julienM10-1024x759.jpg\" alt=\"\" width=\"450\" height=\"334\" srcset=\"https:\/\/blogpeinture.le75.be\/wp-content\/uploads\/2019\/02\/julienM10-1024x759.jpg 1024w, https:\/\/blogpeinture.le75.be\/wp-content\/uploads\/2019\/02\/julienM10-300x222.jpg 300w, https:\/\/blogpeinture.le75.be\/wp-content\/uploads\/2019\/02\/julienM10-768x569.jpg 768w, https:\/\/blogpeinture.le75.be\/wp-content\/uploads\/2019\/02\/julienM10.jpg 1080w\" sizes=\"auto, (max-width: 450px) 100vw, 450px\" \/><\/a><\/p>\n<p><a href=\"https:\/\/blogpeinture.le75.be\/wp-content\/uploads\/2019\/02\/julienM11.jpg\"><img loading=\"lazy\" decoding=\"async\" class=\"alignnone size-large wp-image-2451\" src=\"https:\/\/blogpeinture.le75.be\/wp-content\/uploads\/2019\/02\/julienM11-1024x596.jpg\" alt=\"\" width=\"450\" height=\"262\" srcset=\"https:\/\/blogpeinture.le75.be\/wp-content\/uploads\/2019\/02\/julienM11-1024x596.jpg 1024w, https:\/\/blogpeinture.le75.be\/wp-content\/uploads\/2019\/02\/julienM11-300x175.jpg 300w, https:\/\/blogpeinture.le75.be\/wp-content\/uploads\/2019\/02\/julienM11-768x447.jpg 768w, https:\/\/blogpeinture.le75.be\/wp-content\/uploads\/2019\/02\/julienM11.jpg 1080w\" sizes=\"auto, (max-width: 450px) 100vw, 450px\" \/><\/a><\/p>\n<p><a href=\"https:\/\/blogpeinture.le75.be\/wp-content\/uploads\/2019\/02\/julienM4.jpg\"><img loading=\"lazy\" decoding=\"async\" class=\"alignnone size-large wp-image-2444\" src=\"https:\/\/blogpeinture.le75.be\/wp-content\/uploads\/2019\/02\/julienM4-1024x660.jpg\" alt=\"\" width=\"450\" height=\"290\" srcset=\"https:\/\/blogpeinture.le75.be\/wp-content\/uploads\/2019\/02\/julienM4-1024x660.jpg 1024w, https:\/\/blogpeinture.le75.be\/wp-content\/uploads\/2019\/02\/julienM4-300x193.jpg 300w, https:\/\/blogpeinture.le75.be\/wp-content\/uploads\/2019\/02\/julienM4-768x495.jpg 768w, https:\/\/blogpeinture.le75.be\/wp-content\/uploads\/2019\/02\/julienM4.jpg 1080w\" sizes=\"auto, (max-width: 450px) 100vw, 450px\" \/><\/a><\/p>\n<p>&nbsp;<\/p>\n<p>&nbsp;<\/p>\n","protected":false},"excerpt":{"rendered":"<p>B1: Julien Meert \u00ab\u00a0l\u2019auto-portrait dans l\u2019atelier\u00a0\u00bb La double consigne de cet exercice est de produire un travail qui inclue l\u2019id\u00e9e d\u2019auto repr\u00e9sentation\u00a0(pas forc\u00e9ment figurative) en rapport \u00e0 l\u2019espace de travail . L\u2019id\u00e9e est de faire prendre conscience \u00e0 l&#8217;\u00e9tudiant de son espace de travail comme \u00e9tant indissociable du travail lui-m\u00eame, et que cet espace est [&hellip;]<\/p>\n","protected":false},"author":2,"featured_media":0,"comment_status":"open","ping_status":"open","sticky":false,"template":"","format":"standard","meta":{"footnotes":""},"categories":[3,16],"tags":[],"class_list":["post-2408","post","type-post","status-publish","format-standard","hentry","category-1ere-annee","category-workshop"],"_links":{"self":[{"href":"https:\/\/blogpeinture.le75.be\/index.php?rest_route=\/wp\/v2\/posts\/2408","targetHints":{"allow":["GET"]}}],"collection":[{"href":"https:\/\/blogpeinture.le75.be\/index.php?rest_route=\/wp\/v2\/posts"}],"about":[{"href":"https:\/\/blogpeinture.le75.be\/index.php?rest_route=\/wp\/v2\/types\/post"}],"author":[{"embeddable":true,"href":"https:\/\/blogpeinture.le75.be\/index.php?rest_route=\/wp\/v2\/users\/2"}],"replies":[{"embeddable":true,"href":"https:\/\/blogpeinture.le75.be\/index.php?rest_route=%2Fwp%2Fv2%2Fcomments&post=2408"}],"version-history":[{"count":10,"href":"https:\/\/blogpeinture.le75.be\/index.php?rest_route=\/wp\/v2\/posts\/2408\/revisions"}],"predecessor-version":[{"id":2466,"href":"https:\/\/blogpeinture.le75.be\/index.php?rest_route=\/wp\/v2\/posts\/2408\/revisions\/2466"}],"wp:attachment":[{"href":"https:\/\/blogpeinture.le75.be\/index.php?rest_route=%2Fwp%2Fv2%2Fmedia&parent=2408"}],"wp:term":[{"taxonomy":"category","embeddable":true,"href":"https:\/\/blogpeinture.le75.be\/index.php?rest_route=%2Fwp%2Fv2%2Fcategories&post=2408"},{"taxonomy":"post_tag","embeddable":true,"href":"https:\/\/blogpeinture.le75.be\/index.php?rest_route=%2Fwp%2Fv2%2Ftags&post=2408"}],"curies":[{"name":"wp","href":"https:\/\/api.w.org\/{rel}","templated":true}]}}