{"id":2649,"date":"2019-09-17T10:48:30","date_gmt":"2019-09-17T08:48:30","guid":{"rendered":"https:\/\/blogpeinture.le75.be\/?p=2649"},"modified":"2019-12-02T10:57:49","modified_gmt":"2019-12-02T08:57:49","slug":"la-marche","status":"publish","type":"post","link":"https:\/\/blogpeinture.le75.be\/?p=2649","title":{"rendered":"La promenade"},"content":{"rendered":"\n<p>Nous d\u00e9marrons cette nouvelle rentr\u00e9e par une semaine d&#8217;atelier intensif et une balade de plusieurs kilom\u00e8tres \u00e0 partir de notre atelier.<\/p>\n\n\n\n<p>Munis d&#8217;une cartes nous partons marcher un tron\u00e7on de <a href=\"http:\/\/document.environnement.brussels\/opac_css\/elecfile\/GW-PromenadeVerte.PDF?langtype=2060\">la promenade verte de Bruxelles<\/a> qui relie Woluw\u00e9 \u00e0 Evere. Nous observons (mati\u00e8res, couleurs, formes, &#8230;), r\u00e9coltons (images, sons, \u00e9chantillons,&#8230;) et notons nos sensations et impressions. Nous traversons le quartier des constellations, un parc, de vieux quartiers typiquement Bruxellois pour aboutir au cimeti\u00e8re de Bruxelles. <\/p>\n\n\n\n<p>De retour \u00e0 l&#8217;atelier, cette r\u00e9colte servira de point de d\u00e9part au travail plastique. Nous terminons la semaine par &#8220;une auberge espagnole&#8221; \u00e0 l&#8217;atelier.<\/p>\n\n\n\n<figure class=\"wp-block-image\"><img loading=\"lazy\" decoding=\"async\" width=\"768\" height=\"1024\" src=\"https:\/\/blogpeinture.le75.be\/wp-content\/uploads\/2019\/12\/balade_5-768x1024.jpg\" alt=\"\" class=\"wp-image-2654\" srcset=\"https:\/\/blogpeinture.le75.be\/wp-content\/uploads\/2019\/12\/balade_5-768x1024.jpg 768w, https:\/\/blogpeinture.le75.be\/wp-content\/uploads\/2019\/12\/balade_5-225x300.jpg 225w, https:\/\/blogpeinture.le75.be\/wp-content\/uploads\/2019\/12\/balade_5.jpg 810w\" sizes=\"auto, (max-width: 768px) 100vw, 768px\" \/><\/figure>\n\n\n\n<figure class=\"wp-block-image\"><img loading=\"lazy\" decoding=\"async\" width=\"1024\" height=\"768\" src=\"https:\/\/blogpeinture.le75.be\/wp-content\/uploads\/2019\/12\/balade_1-1024x768.jpg\" alt=\"\" class=\"wp-image-2650\" srcset=\"https:\/\/blogpeinture.le75.be\/wp-content\/uploads\/2019\/12\/balade_1-1024x768.jpg 1024w, https:\/\/blogpeinture.le75.be\/wp-content\/uploads\/2019\/12\/balade_1-300x225.jpg 300w, https:\/\/blogpeinture.le75.be\/wp-content\/uploads\/2019\/12\/balade_1-768x576.jpg 768w, https:\/\/blogpeinture.le75.be\/wp-content\/uploads\/2019\/12\/balade_1.jpg 1440w\" sizes=\"auto, (max-width: 1024px) 100vw, 1024px\" \/><\/figure>\n\n\n\n<figure class=\"wp-block-image\"><img loading=\"lazy\" decoding=\"async\" width=\"768\" height=\"1024\" src=\"https:\/\/blogpeinture.le75.be\/wp-content\/uploads\/2019\/12\/balade_6-768x1024.jpg\" alt=\"\" class=\"wp-image-2655\" srcset=\"https:\/\/blogpeinture.le75.be\/wp-content\/uploads\/2019\/12\/balade_6-768x1024.jpg 768w, https:\/\/blogpeinture.le75.be\/wp-content\/uploads\/2019\/12\/balade_6-225x300.jpg 225w, https:\/\/blogpeinture.le75.be\/wp-content\/uploads\/2019\/12\/balade_6.jpg 810w\" sizes=\"auto, (max-width: 768px) 100vw, 768px\" \/><\/figure>\n\n\n\n<figure class=\"wp-block-image\"><img loading=\"lazy\" decoding=\"async\" width=\"1024\" height=\"768\" src=\"https:\/\/blogpeinture.le75.be\/wp-content\/uploads\/2019\/12\/balade_3-1024x768.jpg\" alt=\"\" class=\"wp-image-2652\" srcset=\"https:\/\/blogpeinture.le75.be\/wp-content\/uploads\/2019\/12\/balade_3-1024x768.jpg 1024w, https:\/\/blogpeinture.le75.be\/wp-content\/uploads\/2019\/12\/balade_3-300x225.jpg 300w, https:\/\/blogpeinture.le75.be\/wp-content\/uploads\/2019\/12\/balade_3-768x576.jpg 768w, https:\/\/blogpeinture.le75.be\/wp-content\/uploads\/2019\/12\/balade_3.jpg 1440w\" sizes=\"auto, (max-width: 1024px) 100vw, 1024px\" \/><\/figure>\n\n\n\n<figure class=\"wp-block-image\"><img loading=\"lazy\" decoding=\"async\" width=\"768\" height=\"1024\" src=\"https:\/\/blogpeinture.le75.be\/wp-content\/uploads\/2019\/12\/balade_8-768x1024.jpg\" alt=\"\" class=\"wp-image-2657\" srcset=\"https:\/\/blogpeinture.le75.be\/wp-content\/uploads\/2019\/12\/balade_8-768x1024.jpg 768w, https:\/\/blogpeinture.le75.be\/wp-content\/uploads\/2019\/12\/balade_8-225x300.jpg 225w, https:\/\/blogpeinture.le75.be\/wp-content\/uploads\/2019\/12\/balade_8.jpg 810w\" sizes=\"auto, (max-width: 768px) 100vw, 768px\" \/><\/figure>\n\n\n\n<figure class=\"wp-block-image\"><img loading=\"lazy\" decoding=\"async\" width=\"1024\" height=\"768\" src=\"https:\/\/blogpeinture.le75.be\/wp-content\/uploads\/2019\/12\/balade_7-1024x768.jpg\" alt=\"\" class=\"wp-image-2656\" srcset=\"https:\/\/blogpeinture.le75.be\/wp-content\/uploads\/2019\/12\/balade_7-1024x768.jpg 1024w, https:\/\/blogpeinture.le75.be\/wp-content\/uploads\/2019\/12\/balade_7-300x225.jpg 300w, https:\/\/blogpeinture.le75.be\/wp-content\/uploads\/2019\/12\/balade_7-768x576.jpg 768w, https:\/\/blogpeinture.le75.be\/wp-content\/uploads\/2019\/12\/balade_7.jpg 1440w\" sizes=\"auto, (max-width: 1024px) 100vw, 1024px\" \/><\/figure>\n\n\n\n<figure class=\"wp-block-image\"><img loading=\"lazy\" decoding=\"async\" width=\"1024\" height=\"768\" src=\"https:\/\/blogpeinture.le75.be\/wp-content\/uploads\/2019\/12\/balade_4-1024x768.jpg\" alt=\"\" class=\"wp-image-2653\" srcset=\"https:\/\/blogpeinture.le75.be\/wp-content\/uploads\/2019\/12\/balade_4-1024x768.jpg 1024w, https:\/\/blogpeinture.le75.be\/wp-content\/uploads\/2019\/12\/balade_4-300x225.jpg 300w, https:\/\/blogpeinture.le75.be\/wp-content\/uploads\/2019\/12\/balade_4-768x576.jpg 768w, https:\/\/blogpeinture.le75.be\/wp-content\/uploads\/2019\/12\/balade_4.jpg 1440w\" sizes=\"auto, (max-width: 1024px) 100vw, 1024px\" \/><\/figure>\n","protected":false},"excerpt":{"rendered":"<p>Nous d\u00e9marrons cette nouvelle rentr\u00e9e par une semaine d&#8217;atelier intensif et une balade de plusieurs kilom\u00e8tres \u00e0 partir de notre atelier. Munis d&#8217;une cartes nous partons marcher un tron\u00e7on de la promenade verte de Bruxelles qui relie Woluw\u00e9 \u00e0 Evere. Nous observons (mati\u00e8res, couleurs, formes, &#8230;), r\u00e9coltons (images, sons, \u00e9chantillons,&#8230;) et notons nos sensations et [&hellip;]<\/p>\n","protected":false},"author":2,"featured_media":0,"comment_status":"open","ping_status":"open","sticky":false,"template":"","format":"standard","meta":{"footnotes":""},"categories":[3,4,5],"tags":[],"class_list":["post-2649","post","type-post","status-publish","format-standard","hentry","category-1ere-annee","category-2eme-annee","category-3eme-annee"],"_links":{"self":[{"href":"https:\/\/blogpeinture.le75.be\/index.php?rest_route=\/wp\/v2\/posts\/2649","targetHints":{"allow":["GET"]}}],"collection":[{"href":"https:\/\/blogpeinture.le75.be\/index.php?rest_route=\/wp\/v2\/posts"}],"about":[{"href":"https:\/\/blogpeinture.le75.be\/index.php?rest_route=\/wp\/v2\/types\/post"}],"author":[{"embeddable":true,"href":"https:\/\/blogpeinture.le75.be\/index.php?rest_route=\/wp\/v2\/users\/2"}],"replies":[{"embeddable":true,"href":"https:\/\/blogpeinture.le75.be\/index.php?rest_route=%2Fwp%2Fv2%2Fcomments&post=2649"}],"version-history":[{"count":4,"href":"https:\/\/blogpeinture.le75.be\/index.php?rest_route=\/wp\/v2\/posts\/2649\/revisions"}],"predecessor-version":[{"id":2661,"href":"https:\/\/blogpeinture.le75.be\/index.php?rest_route=\/wp\/v2\/posts\/2649\/revisions\/2661"}],"wp:attachment":[{"href":"https:\/\/blogpeinture.le75.be\/index.php?rest_route=%2Fwp%2Fv2%2Fmedia&parent=2649"}],"wp:term":[{"taxonomy":"category","embeddable":true,"href":"https:\/\/blogpeinture.le75.be\/index.php?rest_route=%2Fwp%2Fv2%2Fcategories&post=2649"},{"taxonomy":"post_tag","embeddable":true,"href":"https:\/\/blogpeinture.le75.be\/index.php?rest_route=%2Fwp%2Fv2%2Ftags&post=2649"}],"curies":[{"name":"wp","href":"https:\/\/api.w.org\/{rel}","templated":true}]}}