{"id":2982,"date":"2021-03-02T13:56:48","date_gmt":"2021-03-02T11:56:48","guid":{"rendered":"https:\/\/blogpeinture.le75.be\/?p=2982"},"modified":"2021-03-04T14:09:10","modified_gmt":"2021-03-04T12:09:10","slug":"perspectives","status":"publish","type":"post","link":"https:\/\/blogpeinture.le75.be\/?p=2982","title":{"rendered":"Perspectives"},"content":{"rendered":"\n<p>C\u00e9line Gillain, <a href=\"https:\/\/www.eliseleboutte.com\/peintures-2016-2018\/\" data-type=\"URL\" data-id=\"https:\/\/www.eliseleboutte.com\/peintures-2016-2018\/\">Elise Leboutte<\/a> et <a href=\"https:\/\/lamantedeseaux.com\/\" data-type=\"URL\" data-id=\"https:\/\/lamantedeseaux.com\/\">Elise Dutrieux<\/a> \u00e9taient des n\u00f4tres pour une apr\u00e8s-midi de pr\u00e9sentation sur les perspectives possibles apr\u00e8s l&#8217;\u00e9cole. Elles ont partag\u00e9 avec nous leurs parcours personnels et leurs connaissances du terrain artistique, culturel et p\u00e9dagogique.<\/p>\n\n\n\n<figure class=\"wp-block-embed-vimeo wp-block-embed is-type-video is-provider-vimeo wp-embed-aspect-16-9 wp-has-aspect-ratio\"><div class=\"wp-block-embed__wrapper\">\n<iframe loading=\"lazy\" title=\"ANIMANTIBUS\" src=\"https:\/\/player.vimeo.com\/video\/468198188?dnt=1&amp;app_id=122963\" width=\"580\" height=\"326\" frameborder=\"0\" allow=\"autoplay; fullscreen; picture-in-picture; clipboard-write; encrypted-media; web-share\" referrerpolicy=\"strict-origin-when-cross-origin\"><\/iframe>\n<\/div><\/figure>\n\n\n\n<figure class=\"wp-block-gallery columns-2 is-cropped wp-block-gallery-1 is-layout-flex wp-block-gallery-is-layout-flex\"><ul class=\"blocks-gallery-grid\"><li class=\"blocks-gallery-item\"><figure><img loading=\"lazy\" decoding=\"async\" width=\"1024\" height=\"762\" src=\"https:\/\/blogpeinture.le75.be\/wp-content\/uploads\/2021\/03\/elise_ref-1024x762.jpg\" alt=\"\" data-id=\"2983\" data-full-url=\"https:\/\/blogpeinture.le75.be\/wp-content\/uploads\/2021\/03\/elise_ref.jpg\" data-link=\"https:\/\/blogpeinture.le75.be\/?attachment_id=2983\" class=\"wp-image-2983\" srcset=\"https:\/\/blogpeinture.le75.be\/wp-content\/uploads\/2021\/03\/elise_ref-1024x762.jpg 1024w, https:\/\/blogpeinture.le75.be\/wp-content\/uploads\/2021\/03\/elise_ref-300x223.jpg 300w, https:\/\/blogpeinture.le75.be\/wp-content\/uploads\/2021\/03\/elise_ref-768x572.jpg 768w, https:\/\/blogpeinture.le75.be\/wp-content\/uploads\/2021\/03\/elise_ref-1200x893.jpg 1200w, https:\/\/blogpeinture.le75.be\/wp-content\/uploads\/2021\/03\/elise_ref.jpg 1451w\" sizes=\"auto, (max-width: 1024px) 100vw, 1024px\" \/><\/figure><\/li><li class=\"blocks-gallery-item\"><figure><img loading=\"lazy\" decoding=\"async\" width=\"1024\" height=\"722\" src=\"https:\/\/blogpeinture.le75.be\/wp-content\/uploads\/2021\/03\/elsie_ref_2-1024x722.jpg\" alt=\"\" data-id=\"2984\" data-full-url=\"https:\/\/blogpeinture.le75.be\/wp-content\/uploads\/2021\/03\/elsie_ref_2.jpg\" data-link=\"https:\/\/blogpeinture.le75.be\/?attachment_id=2984\" class=\"wp-image-2984\" srcset=\"https:\/\/blogpeinture.le75.be\/wp-content\/uploads\/2021\/03\/elsie_ref_2-1024x722.jpg 1024w, https:\/\/blogpeinture.le75.be\/wp-content\/uploads\/2021\/03\/elsie_ref_2-300x212.jpg 300w, https:\/\/blogpeinture.le75.be\/wp-content\/uploads\/2021\/03\/elsie_ref_2-768x542.jpg 768w, https:\/\/blogpeinture.le75.be\/wp-content\/uploads\/2021\/03\/elsie_ref_2-1200x847.jpg 1200w, https:\/\/blogpeinture.le75.be\/wp-content\/uploads\/2021\/03\/elsie_ref_2.jpg 1531w\" sizes=\"auto, (max-width: 1024px) 100vw, 1024px\" \/><\/figure><\/li><\/ul><\/figure>\n","protected":false},"excerpt":{"rendered":"<p>C\u00e9line Gillain, Elise Leboutte et Elise Dutrieux \u00e9taient des n\u00f4tres pour une apr\u00e8s-midi de pr\u00e9sentation sur les perspectives possibles apr\u00e8s l&#8217;\u00e9cole. Elles ont partag\u00e9 avec nous leurs parcours personnels et leurs connaissances du terrain artistique, culturel et p\u00e9dagogique.<\/p>\n","protected":false},"author":2,"featured_media":0,"comment_status":"open","ping_status":"open","sticky":false,"template":"","format":"standard","meta":{"footnotes":""},"categories":[3,4,5,17],"tags":[],"class_list":["post-2982","post","type-post","status-publish","format-standard","hentry","category-1ere-annee","category-2eme-annee","category-3eme-annee","category-invites"],"_links":{"self":[{"href":"https:\/\/blogpeinture.le75.be\/index.php?rest_route=\/wp\/v2\/posts\/2982","targetHints":{"allow":["GET"]}}],"collection":[{"href":"https:\/\/blogpeinture.le75.be\/index.php?rest_route=\/wp\/v2\/posts"}],"about":[{"href":"https:\/\/blogpeinture.le75.be\/index.php?rest_route=\/wp\/v2\/types\/post"}],"author":[{"embeddable":true,"href":"https:\/\/blogpeinture.le75.be\/index.php?rest_route=\/wp\/v2\/users\/2"}],"replies":[{"embeddable":true,"href":"https:\/\/blogpeinture.le75.be\/index.php?rest_route=%2Fwp%2Fv2%2Fcomments&post=2982"}],"version-history":[{"count":1,"href":"https:\/\/blogpeinture.le75.be\/index.php?rest_route=\/wp\/v2\/posts\/2982\/revisions"}],"predecessor-version":[{"id":2985,"href":"https:\/\/blogpeinture.le75.be\/index.php?rest_route=\/wp\/v2\/posts\/2982\/revisions\/2985"}],"wp:attachment":[{"href":"https:\/\/blogpeinture.le75.be\/index.php?rest_route=%2Fwp%2Fv2%2Fmedia&parent=2982"}],"wp:term":[{"taxonomy":"category","embeddable":true,"href":"https:\/\/blogpeinture.le75.be\/index.php?rest_route=%2Fwp%2Fv2%2Fcategories&post=2982"},{"taxonomy":"post_tag","embeddable":true,"href":"https:\/\/blogpeinture.le75.be\/index.php?rest_route=%2Fwp%2Fv2%2Ftags&post=2982"}],"curies":[{"name":"wp","href":"https:\/\/api.w.org\/{rel}","templated":true}]}}