{"id":332,"date":"2011-03-03T22:44:49","date_gmt":"2011-03-03T21:44:49","guid":{"rendered":"http:\/\/peinture75.wordpress.com\/?p=320"},"modified":"2011-06-23T22:36:08","modified_gmt":"2011-06-23T20:36:08","slug":"montage","status":"publish","type":"post","link":"https:\/\/blogpeinture.le75.be\/?p=332","title":{"rendered":"Montage"},"content":{"rendered":"<p><a href=\"https:\/\/blogpeinture.le75.be\/wp-content\/uploads\/2011\/03\/crayon.jpg\"><img loading=\"lazy\" decoding=\"async\" src=\"https:\/\/blogpeinture.le75.be\/wp-content\/uploads\/2011\/03\/crayon.jpg\" alt=\"\" title=\"crayon\" width=\"425\" height=\"144\" class=\"alignnone size-full wp-image-321\" \/><\/a><br \/>\nGr\u00e2ce \u00e0 une invitation faite \u00e0 Jean-Pierre Scouflaire, c&#8217;est dans la tr\u00e8s belle maison culturelle de Quaregnon que nous sommes contents de monter l&#8217; exposition de notre atelier Peinture avec des travaux s\u00e9lectionn\u00e9es parmis les anciens \u00e9tudiants et des pi\u00e8ces des professeurs d&#8217;atelier.<\/p>\n<p><a href=\"https:\/\/blogpeinture.le75.be\/wp-content\/uploads\/2011\/03\/quaregnon_1.jpg\"><img loading=\"lazy\" decoding=\"async\" src=\"https:\/\/blogpeinture.le75.be\/wp-content\/uploads\/2011\/03\/quaregnon_1.jpg\" alt=\"\" title=\"quaregnon_1\" width=\"425\" height=\"2216\" class=\"alignnone size-full wp-image-324\" \/><\/a><\/p>\n<p><a href=\"https:\/\/blogpeinture.le75.be\/wp-content\/uploads\/2011\/03\/montage_2.jpg\"><img loading=\"lazy\" decoding=\"async\" src=\"https:\/\/blogpeinture.le75.be\/wp-content\/uploads\/2011\/03\/montage_2.jpg\" alt=\"\" title=\"montage_2\" width=\"425\" height=\"2551\" class=\"alignnone size-full wp-image-322\" \/><\/a><\/p>\n<p><a href=\"https:\/\/blogpeinture.le75.be\/wp-content\/uploads\/2011\/03\/montage_1.jpg\"><img loading=\"lazy\" decoding=\"async\" src=\"https:\/\/blogpeinture.le75.be\/wp-content\/uploads\/2011\/03\/montage_1.jpg\" alt=\"\" title=\"montage_1\" width=\"425\" height=\"2245\" class=\"alignnone size-full wp-image-323\" \/><\/a><\/p>\n","protected":false},"excerpt":{"rendered":"<p>Gr\u00e2ce \u00e0 une invitation faite \u00e0 Jean-Pierre Scouflaire, c&#8217;est dans la tr\u00e8s belle maison culturelle de Quaregnon que nous sommes contents de monter l&#8217; exposition de notre atelier Peinture avec des travaux s\u00e9lectionn\u00e9es parmis les anciens \u00e9tudiants et des pi\u00e8ces des professeurs d&#8217;atelier.<\/p>\n","protected":false},"author":1,"featured_media":0,"comment_status":"open","ping_status":"open","sticky":false,"template":"","format":"standard","meta":{"footnotes":""},"categories":[7,8],"tags":[],"class_list":["post-332","post","type-post","status-publish","format-standard","hentry","category-expositions","category-latelier"],"_links":{"self":[{"href":"https:\/\/blogpeinture.le75.be\/index.php?rest_route=\/wp\/v2\/posts\/332","targetHints":{"allow":["GET"]}}],"collection":[{"href":"https:\/\/blogpeinture.le75.be\/index.php?rest_route=\/wp\/v2\/posts"}],"about":[{"href":"https:\/\/blogpeinture.le75.be\/index.php?rest_route=\/wp\/v2\/types\/post"}],"author":[{"embeddable":true,"href":"https:\/\/blogpeinture.le75.be\/index.php?rest_route=\/wp\/v2\/users\/1"}],"replies":[{"embeddable":true,"href":"https:\/\/blogpeinture.le75.be\/index.php?rest_route=%2Fwp%2Fv2%2Fcomments&post=332"}],"version-history":[{"count":1,"href":"https:\/\/blogpeinture.le75.be\/index.php?rest_route=\/wp\/v2\/posts\/332\/revisions"}],"predecessor-version":[{"id":517,"href":"https:\/\/blogpeinture.le75.be\/index.php?rest_route=\/wp\/v2\/posts\/332\/revisions\/517"}],"wp:attachment":[{"href":"https:\/\/blogpeinture.le75.be\/index.php?rest_route=%2Fwp%2Fv2%2Fmedia&parent=332"}],"wp:term":[{"taxonomy":"category","embeddable":true,"href":"https:\/\/blogpeinture.le75.be\/index.php?rest_route=%2Fwp%2Fv2%2Fcategories&post=332"},{"taxonomy":"post_tag","embeddable":true,"href":"https:\/\/blogpeinture.le75.be\/index.php?rest_route=%2Fwp%2Fv2%2Ftags&post=332"}],"curies":[{"name":"wp","href":"https:\/\/api.w.org\/{rel}","templated":true}]}}