{"id":333,"date":"2011-03-05T08:52:54","date_gmt":"2011-03-05T07:52:54","guid":{"rendered":"http:\/\/peinture75.wordpress.com\/?p=333"},"modified":"2011-06-23T22:36:08","modified_gmt":"2011-06-23T20:36:08","slug":"on-vernis","status":"publish","type":"post","link":"https:\/\/blogpeinture.le75.be\/?p=333","title":{"rendered":"on vernit!"},"content":{"rendered":"<p>Vernissage de l&#8217;exposition \u00e0 Quaregnon.<br \/>\nNous sommes super bien re\u00e7us dans cette belle maison: une introduction du pr\u00e9sident, un <a href='https:\/\/blogpeinture.le75.be\/wp-content\/uploads\/2011\/03\/quaregnon.doc'>speech<\/a> de Vincent Cartuyvels, directeur du 75, et un drink avec plateaux de petits fours! Extra!<br \/>\nLa cerise sur le gateau: ce nouveau petit livret de pr\u00e9sentation de l&#8217;atelier de peinture r\u00e9alis\u00e9 par Emmanuel de Meulemeester avec une introduction d&#8217;Olivier Duquenne et des petits textes de Vincent Cartuyvels construit \u00e0 la suite de conversations avec les professeurs de l&#8217;atelier.<br \/>\n<a href=\"https:\/\/blogpeinture.le75.be\/wp-content\/uploads\/2011\/03\/vernissage1.jpg\"><img loading=\"lazy\" decoding=\"async\" src=\"https:\/\/blogpeinture.le75.be\/wp-content\/uploads\/2011\/03\/vernissage1.jpg\" alt=\"\" title=\"vernissage1\" width=\"425\" height=\"1408\" class=\"alignnone size-full wp-image-334\" \/><\/a><br \/>\n<a href=\"https:\/\/blogpeinture.le75.be\/wp-content\/uploads\/2011\/03\/vernissage2.jpg\"><img loading=\"lazy\" decoding=\"async\" src=\"https:\/\/blogpeinture.le75.be\/wp-content\/uploads\/2011\/03\/vernissage2.jpg\" alt=\"\" title=\"vernissage2\" width=\"425\" height=\"1568\" class=\"alignnone size-full wp-image-335\" srcset=\"https:\/\/blogpeinture.le75.be\/wp-content\/uploads\/2011\/03\/vernissage2.jpg 425w, https:\/\/blogpeinture.le75.be\/wp-content\/uploads\/2011\/03\/vernissage2-81x300.jpg 81w\" sizes=\"auto, (max-width: 425px) 100vw, 425px\" \/><\/a><\/p>\n","protected":false},"excerpt":{"rendered":"<p>Vernissage de l&#8217;exposition \u00e0 Quaregnon. Nous sommes super bien re\u00e7us dans cette belle maison: une introduction du pr\u00e9sident, un speech de Vincent Cartuyvels, directeur du 75, et un drink avec plateaux de petits fours! Extra! La cerise sur le gateau: ce nouveau petit livret de pr\u00e9sentation de l&#8217;atelier de peinture r\u00e9alis\u00e9 par Emmanuel de Meulemeester [&hellip;]<\/p>\n","protected":false},"author":1,"featured_media":0,"comment_status":"open","ping_status":"open","sticky":false,"template":"","format":"standard","meta":{"footnotes":""},"categories":[7,8],"tags":[],"class_list":["post-333","post","type-post","status-publish","format-standard","hentry","category-expositions","category-latelier"],"_links":{"self":[{"href":"https:\/\/blogpeinture.le75.be\/index.php?rest_route=\/wp\/v2\/posts\/333","targetHints":{"allow":["GET"]}}],"collection":[{"href":"https:\/\/blogpeinture.le75.be\/index.php?rest_route=\/wp\/v2\/posts"}],"about":[{"href":"https:\/\/blogpeinture.le75.be\/index.php?rest_route=\/wp\/v2\/types\/post"}],"author":[{"embeddable":true,"href":"https:\/\/blogpeinture.le75.be\/index.php?rest_route=\/wp\/v2\/users\/1"}],"replies":[{"embeddable":true,"href":"https:\/\/blogpeinture.le75.be\/index.php?rest_route=%2Fwp%2Fv2%2Fcomments&post=333"}],"version-history":[{"count":1,"href":"https:\/\/blogpeinture.le75.be\/index.php?rest_route=\/wp\/v2\/posts\/333\/revisions"}],"predecessor-version":[{"id":525,"href":"https:\/\/blogpeinture.le75.be\/index.php?rest_route=\/wp\/v2\/posts\/333\/revisions\/525"}],"wp:attachment":[{"href":"https:\/\/blogpeinture.le75.be\/index.php?rest_route=%2Fwp%2Fv2%2Fmedia&parent=333"}],"wp:term":[{"taxonomy":"category","embeddable":true,"href":"https:\/\/blogpeinture.le75.be\/index.php?rest_route=%2Fwp%2Fv2%2Fcategories&post=333"},{"taxonomy":"post_tag","embeddable":true,"href":"https:\/\/blogpeinture.le75.be\/index.php?rest_route=%2Fwp%2Fv2%2Ftags&post=333"}],"curies":[{"name":"wp","href":"https:\/\/api.w.org\/{rel}","templated":true}]}}