{"id":3455,"date":"2022-02-10T22:19:00","date_gmt":"2022-02-10T20:19:00","guid":{"rendered":"https:\/\/blogpeinture.le75.be\/?p=3455"},"modified":"2022-03-23T22:33:48","modified_gmt":"2022-03-23T20:33:48","slug":"semaine-atypique-3-b2-b3","status":"publish","type":"post","link":"https:\/\/blogpeinture.le75.be\/?p=3455","title":{"rendered":"Semaine Atypique 3 &#8211;  B2\/B3"},"content":{"rendered":"\n<p>B2 et B3 workshop de mise en exposition avec <a href=\"https:\/\/david-de-tscharner.com\/\">David de Tscharner<\/a> aux ateliers Atoma, Forest.<\/p>\n\n\n\n<p>L&#8217; exposition <em>le Champ du Corpuscule<\/em> rassemble treize \u00e9tudiants de l&#8217;option peinture ESA LE 75 dans le cadre d&#8217;un workshop anim\u00e9 par l&#8217;artiste David de Tscharner, pour prendre possession des anciennes usines Atoma \u00e0 Forest, occup\u00e9es depuis 2020 par un collectif d&#8217;artistes pour y vivre et travailler. L&#8217;exposition se base sur l&#8217;exploration du lieu, sa cartographie et sa mise en rapport avec les recherches personnelles des \u00e9tudiants.<\/p>\n\n\n\n<figure class=\"wp-block-image\" id=\"block-904e287f-3b80-4200-b24a-76edbc862592\"><img decoding=\"async\" src=\"https:\/\/blogpeinture.le75.be\/wp-content\/uploads\/2022\/02\/affiche-75-2-733x1024.jpg\" alt=\"This image has an empty alt attribute; its file name is affiche-75-2-733x1024.jpg\"\/><\/figure>\n\n\n\n<figure class=\"wp-block-image is-resized\" id=\"block-c7c474cd-d633-4979-80a2-c0788f165814\"><img loading=\"lazy\" decoding=\"async\" src=\"https:\/\/blogpeinture.le75.be\/wp-content\/uploads\/2022\/02\/atoma_pnt2_2022_03-778x1024.jpg\" alt=\"\" width=\"610\" height=\"802\"\/><\/figure>\n\n\n\n<ul class=\"wp-block-list\"><li><img decoding=\"async\" src=\"https:\/\/blogpeinture.le75.be\/wp-content\/uploads\/2022\/02\/atoma_pnt2_2022_04-1024x768.jpg\" alt=\"\"><\/li><li><img decoding=\"async\" src=\"https:\/\/blogpeinture.le75.be\/wp-content\/uploads\/2022\/02\/atoma_pnt2_2022_05-1024x768.jpg\" alt=\"\"><\/li><li><img decoding=\"async\" src=\"https:\/\/blogpeinture.le75.be\/wp-content\/uploads\/2022\/02\/atoma_pnt2_2022_06-768x1024.jpg\" alt=\"\"><\/li><li><img decoding=\"async\" src=\"https:\/\/blogpeinture.le75.be\/wp-content\/uploads\/2022\/02\/atoma_pnt2_2022_07-768x1024.jpg\" alt=\"\"><\/li><li><img decoding=\"async\" src=\"https:\/\/blogpeinture.le75.be\/wp-content\/uploads\/2022\/02\/atoma_pnt2_2022_09-1024x768.jpg\" alt=\"\"><\/li><li><img decoding=\"async\" src=\"https:\/\/blogpeinture.le75.be\/wp-content\/uploads\/2022\/02\/atoma_pnt2_2022_10-1024x718.jpg\" alt=\"\"><\/li><li><img decoding=\"async\" src=\"https:\/\/blogpeinture.le75.be\/wp-content\/uploads\/2022\/02\/atoma_pnt2_2022_11-1024x768.jpg\" alt=\"\"><\/li><li><img decoding=\"async\" src=\"https:\/\/blogpeinture.le75.be\/wp-content\/uploads\/2022\/02\/atoma_pnt2_2022_12-1024x768.jpg\" alt=\"\"><\/li><li><img decoding=\"async\" src=\"https:\/\/blogpeinture.le75.be\/wp-content\/uploads\/2022\/02\/atoma_pnt2_2022_13-1024x818.jpg\" alt=\"\"><\/li><li><img decoding=\"async\" src=\"https:\/\/blogpeinture.le75.be\/wp-content\/uploads\/2022\/02\/atoma_pnt3_2022_01-1024x702.jpg\" alt=\"\"><\/li><li><img decoding=\"async\" src=\"https:\/\/blogpeinture.le75.be\/wp-content\/uploads\/2022\/02\/atoma_pnt3_2022_02-1024x768.jpg\" alt=\"\"><\/li><li><img decoding=\"async\" src=\"https:\/\/blogpeinture.le75.be\/wp-content\/uploads\/2022\/02\/atoma_pnt3_2022_07-1024x768.jpg\" alt=\"\"><\/li><li><img decoding=\"async\" src=\"https:\/\/blogpeinture.le75.be\/wp-content\/uploads\/2022\/02\/atoma_pnt3_2022_08-1024x768.jpg\" alt=\"\"><\/li><\/ul>\n","protected":false},"excerpt":{"rendered":"<p>B2 et B3 workshop de mise en exposition avec David de Tscharner aux ateliers Atoma, Forest. L&#8217; exposition le Champ du Corpuscule rassemble treize \u00e9tudiants de l&#8217;option peinture ESA LE 75 dans le cadre d&#8217;un workshop anim\u00e9 par l&#8217;artiste David de Tscharner, pour prendre possession des anciennes usines Atoma \u00e0 Forest, occup\u00e9es depuis 2020 par [&hellip;]<\/p>\n","protected":false},"author":2,"featured_media":0,"comment_status":"open","ping_status":"open","sticky":false,"template":"","format":"standard","meta":{"footnotes":""},"categories":[4,5],"tags":[],"class_list":["post-3455","post","type-post","status-publish","format-standard","hentry","category-2eme-annee","category-3eme-annee"],"_links":{"self":[{"href":"https:\/\/blogpeinture.le75.be\/index.php?rest_route=\/wp\/v2\/posts\/3455","targetHints":{"allow":["GET"]}}],"collection":[{"href":"https:\/\/blogpeinture.le75.be\/index.php?rest_route=\/wp\/v2\/posts"}],"about":[{"href":"https:\/\/blogpeinture.le75.be\/index.php?rest_route=\/wp\/v2\/types\/post"}],"author":[{"embeddable":true,"href":"https:\/\/blogpeinture.le75.be\/index.php?rest_route=\/wp\/v2\/users\/2"}],"replies":[{"embeddable":true,"href":"https:\/\/blogpeinture.le75.be\/index.php?rest_route=%2Fwp%2Fv2%2Fcomments&post=3455"}],"version-history":[{"count":5,"href":"https:\/\/blogpeinture.le75.be\/index.php?rest_route=\/wp\/v2\/posts\/3455\/revisions"}],"predecessor-version":[{"id":3462,"href":"https:\/\/blogpeinture.le75.be\/index.php?rest_route=\/wp\/v2\/posts\/3455\/revisions\/3462"}],"wp:attachment":[{"href":"https:\/\/blogpeinture.le75.be\/index.php?rest_route=%2Fwp%2Fv2%2Fmedia&parent=3455"}],"wp:term":[{"taxonomy":"category","embeddable":true,"href":"https:\/\/blogpeinture.le75.be\/index.php?rest_route=%2Fwp%2Fv2%2Fcategories&post=3455"},{"taxonomy":"post_tag","embeddable":true,"href":"https:\/\/blogpeinture.le75.be\/index.php?rest_route=%2Fwp%2Fv2%2Ftags&post=3455"}],"curies":[{"name":"wp","href":"https:\/\/api.w.org\/{rel}","templated":true}]}}