{"id":3730,"date":"2023-06-08T07:39:22","date_gmt":"2023-06-08T05:39:22","guid":{"rendered":"https:\/\/blogpeinture.le75.be\/?p=3730"},"modified":"2023-06-08T08:11:34","modified_gmt":"2023-06-08T06:11:34","slug":"jury-b3-peinture","status":"publish","type":"post","link":"https:\/\/blogpeinture.le75.be\/?p=3730","title":{"rendered":"JURY B3 Peinture"},"content":{"rendered":"\n<p>Pour le Jury des 9 \u00e9tudiant.e.s en Bac 3 nous avons la chance d&#8217;exposer dans la grande salle lumineuses du centre d&#8217;art La Vall\u00e9e. Chaque \u00e9tudiant.e est en charge de son accrochage, avec l&#8217;aide des professeurs d&#8217;atelier Jonathan Poliart et David de Tscharner.<\/p>\n\n\n\n<figure class=\"wp-block-image size-large\"><a href=\"https:\/\/blogpeinture.le75.be\/wp-content\/uploads\/2023\/06\/pnt_juryB3_2023_01.jpg\"><img loading=\"lazy\" decoding=\"async\" width=\"1024\" height=\"768\" src=\"https:\/\/blogpeinture.le75.be\/wp-content\/uploads\/2023\/06\/pnt_juryB3_2023_01-1024x768.jpg\" alt=\"\" class=\"wp-image-3732\" srcset=\"https:\/\/blogpeinture.le75.be\/wp-content\/uploads\/2023\/06\/pnt_juryB3_2023_01-1024x768.jpg 1024w, https:\/\/blogpeinture.le75.be\/wp-content\/uploads\/2023\/06\/pnt_juryB3_2023_01-300x225.jpg 300w, https:\/\/blogpeinture.le75.be\/wp-content\/uploads\/2023\/06\/pnt_juryB3_2023_01-768x576.jpg 768w, https:\/\/blogpeinture.le75.be\/wp-content\/uploads\/2023\/06\/pnt_juryB3_2023_01-1200x900.jpg 1200w, https:\/\/blogpeinture.le75.be\/wp-content\/uploads\/2023\/06\/pnt_juryB3_2023_01.jpg 1440w\" sizes=\"auto, (max-width: 1024px) 100vw, 1024px\" \/><\/a><\/figure>\n\n\n\n<p>Pour le jour J, nous recevons France Deblaere de la <a href=\"https:\/\/www.wolubilis.be\/\" data-type=\"URL\" data-id=\"https:\/\/www.wolubilis.be\/\">M\u00e9diatine<\/a>, Adrien Grimmeau, directeur de l&#8217;<a href=\"https:\/\/iselp.be\/\" data-type=\"URL\" data-id=\"https:\/\/iselp.be\/\">Iselp<\/a>, <a href=\"https:\/\/www.saharsaadaoui.com\/\" data-type=\"URL\" data-id=\"https:\/\/www.saharsaadaoui.com\/\">Sahar Saadaoui<\/a>, plasticienne et Alexis <a href=\"https:\/\/alexisdeconinck.com\/\" data-type=\"URL\" data-id=\"https:\/\/alexisdeconinck.com\/\">Deconinck<\/a>, plasticien. <\/p>\n\n\n\n<p>Chaque \u00e9tudiant.e.s dispose de 15 min de temps de pr\u00e9sentation \/ discussion durant lequel iel en profitera pour avoir un retour sur le travail de pr\u00e9sent\u00e9 et sp\u00e9culer sur la suite.<\/p>\n\n\n\n<figure class=\"wp-block-gallery columns-2 is-cropped wp-block-gallery-1 is-layout-flex wp-block-gallery-is-layout-flex\"><ul class=\"blocks-gallery-grid\"><li class=\"blocks-gallery-item\"><figure><a href=\"https:\/\/blogpeinture.le75.be\/wp-content\/uploads\/2023\/06\/pnt_juryB3_2023_05.jpg\"><img loading=\"lazy\" decoding=\"async\" width=\"1024\" height=\"659\" src=\"https:\/\/blogpeinture.le75.be\/wp-content\/uploads\/2023\/06\/pnt_juryB3_2023_05-1024x659.jpg\" alt=\"\" data-id=\"3734\" data-full-url=\"https:\/\/blogpeinture.le75.be\/wp-content\/uploads\/2023\/06\/pnt_juryB3_2023_05.jpg\" data-link=\"https:\/\/blogpeinture.le75.be\/?attachment_id=3734\" class=\"wp-image-3734\" srcset=\"https:\/\/blogpeinture.le75.be\/wp-content\/uploads\/2023\/06\/pnt_juryB3_2023_05-1024x659.jpg 1024w, https:\/\/blogpeinture.le75.be\/wp-content\/uploads\/2023\/06\/pnt_juryB3_2023_05-300x193.jpg 300w, https:\/\/blogpeinture.le75.be\/wp-content\/uploads\/2023\/06\/pnt_juryB3_2023_05-768x494.jpg 768w, https:\/\/blogpeinture.le75.be\/wp-content\/uploads\/2023\/06\/pnt_juryB3_2023_05-1536x989.jpg 1536w, https:\/\/blogpeinture.le75.be\/wp-content\/uploads\/2023\/06\/pnt_juryB3_2023_05-1200x772.jpg 1200w, https:\/\/blogpeinture.le75.be\/wp-content\/uploads\/2023\/06\/pnt_juryB3_2023_05.jpg 1678w\" sizes=\"auto, (max-width: 1024px) 100vw, 1024px\" \/><\/a><\/figure><\/li><li class=\"blocks-gallery-item\"><figure><a href=\"https:\/\/blogpeinture.le75.be\/wp-content\/uploads\/2023\/06\/pnt_juryB3_2023_06.jpg\"><img loading=\"lazy\" decoding=\"async\" width=\"1024\" height=\"626\" src=\"https:\/\/blogpeinture.le75.be\/wp-content\/uploads\/2023\/06\/pnt_juryB3_2023_06-1024x626.jpg\" alt=\"\" data-id=\"3735\" data-full-url=\"https:\/\/blogpeinture.le75.be\/wp-content\/uploads\/2023\/06\/pnt_juryB3_2023_06.jpg\" data-link=\"https:\/\/blogpeinture.le75.be\/?attachment_id=3735\" class=\"wp-image-3735\" srcset=\"https:\/\/blogpeinture.le75.be\/wp-content\/uploads\/2023\/06\/pnt_juryB3_2023_06-1024x626.jpg 1024w, https:\/\/blogpeinture.le75.be\/wp-content\/uploads\/2023\/06\/pnt_juryB3_2023_06-300x183.jpg 300w, https:\/\/blogpeinture.le75.be\/wp-content\/uploads\/2023\/06\/pnt_juryB3_2023_06-768x469.jpg 768w, https:\/\/blogpeinture.le75.be\/wp-content\/uploads\/2023\/06\/pnt_juryB3_2023_06-1536x939.jpg 1536w, https:\/\/blogpeinture.le75.be\/wp-content\/uploads\/2023\/06\/pnt_juryB3_2023_06-1200x733.jpg 1200w, https:\/\/blogpeinture.le75.be\/wp-content\/uploads\/2023\/06\/pnt_juryB3_2023_06.jpg 1767w\" sizes=\"auto, (max-width: 1024px) 100vw, 1024px\" \/><\/a><\/figure><\/li><\/ul><\/figure>\n\n\n\n<p>Cette ann\u00e9e, toustes on r\u00e9ussi! &#x1f44f;<\/p>\n\n\n\n<figure class=\"wp-block-image size-large\"><a href=\"https:\/\/blogpeinture.le75.be\/wp-content\/uploads\/2023\/06\/pnt_juryB3_2023_03.jpg\"><img loading=\"lazy\" decoding=\"async\" width=\"1024\" height=\"768\" src=\"https:\/\/blogpeinture.le75.be\/wp-content\/uploads\/2023\/06\/pnt_juryB3_2023_03-1024x768.jpg\" alt=\"\" class=\"wp-image-3733\" srcset=\"https:\/\/blogpeinture.le75.be\/wp-content\/uploads\/2023\/06\/pnt_juryB3_2023_03-1024x768.jpg 1024w, https:\/\/blogpeinture.le75.be\/wp-content\/uploads\/2023\/06\/pnt_juryB3_2023_03-300x225.jpg 300w, https:\/\/blogpeinture.le75.be\/wp-content\/uploads\/2023\/06\/pnt_juryB3_2023_03-768x576.jpg 768w, https:\/\/blogpeinture.le75.be\/wp-content\/uploads\/2023\/06\/pnt_juryB3_2023_03-1200x900.jpg 1200w, https:\/\/blogpeinture.le75.be\/wp-content\/uploads\/2023\/06\/pnt_juryB3_2023_03.jpg 1440w\" sizes=\"auto, (max-width: 1024px) 100vw, 1024px\" \/><\/a><\/figure>\n\n\n\n<p>Promotion 2023 avec Claris Roselmard, Norbou Van Bever, Sarah Pailhe, Lily Brown, Yuna Leonis, Sonia Mazur, Leila De Rouck, Virginie Bekaert, Carla Robin.<\/p>\n","protected":false},"excerpt":{"rendered":"<p>Pour le Jury des 9 \u00e9tudiant.e.s en Bac 3 nous avons la chance d&#8217;exposer dans la grande salle lumineuses du centre d&#8217;art La Vall\u00e9e. Chaque \u00e9tudiant.e est en charge de son accrochage, avec l&#8217;aide des professeurs d&#8217;atelier Jonathan Poliart et David de Tscharner. Pour le jour J, nous recevons France Deblaere de la M\u00e9diatine, Adrien [&hellip;]<\/p>\n","protected":false},"author":2,"featured_media":0,"comment_status":"open","ping_status":"open","sticky":false,"template":"","format":"standard","meta":{"footnotes":""},"categories":[5],"tags":[],"class_list":["post-3730","post","type-post","status-publish","format-standard","hentry","category-3eme-annee"],"_links":{"self":[{"href":"https:\/\/blogpeinture.le75.be\/index.php?rest_route=\/wp\/v2\/posts\/3730","targetHints":{"allow":["GET"]}}],"collection":[{"href":"https:\/\/blogpeinture.le75.be\/index.php?rest_route=\/wp\/v2\/posts"}],"about":[{"href":"https:\/\/blogpeinture.le75.be\/index.php?rest_route=\/wp\/v2\/types\/post"}],"author":[{"embeddable":true,"href":"https:\/\/blogpeinture.le75.be\/index.php?rest_route=\/wp\/v2\/users\/2"}],"replies":[{"embeddable":true,"href":"https:\/\/blogpeinture.le75.be\/index.php?rest_route=%2Fwp%2Fv2%2Fcomments&post=3730"}],"version-history":[{"count":3,"href":"https:\/\/blogpeinture.le75.be\/index.php?rest_route=\/wp\/v2\/posts\/3730\/revisions"}],"predecessor-version":[{"id":3748,"href":"https:\/\/blogpeinture.le75.be\/index.php?rest_route=\/wp\/v2\/posts\/3730\/revisions\/3748"}],"wp:attachment":[{"href":"https:\/\/blogpeinture.le75.be\/index.php?rest_route=%2Fwp%2Fv2%2Fmedia&parent=3730"}],"wp:term":[{"taxonomy":"category","embeddable":true,"href":"https:\/\/blogpeinture.le75.be\/index.php?rest_route=%2Fwp%2Fv2%2Fcategories&post=3730"},{"taxonomy":"post_tag","embeddable":true,"href":"https:\/\/blogpeinture.le75.be\/index.php?rest_route=%2Fwp%2Fv2%2Ftags&post=3730"}],"curies":[{"name":"wp","href":"https:\/\/api.w.org\/{rel}","templated":true}]}}