{"id":3742,"date":"2023-06-08T07:55:01","date_gmt":"2023-06-08T05:55:01","guid":{"rendered":"https:\/\/blogpeinture.le75.be\/?p=3742"},"modified":"2023-06-08T07:55:26","modified_gmt":"2023-06-08T05:55:26","slug":"exposition-jury-b3","status":"publish","type":"post","link":"https:\/\/blogpeinture.le75.be\/?p=3742","title":{"rendered":"Exposition Jury B3"},"content":{"rendered":"\n<p>Vendredi 9 juin 2023, nous f\u00eaterons la fin de l&#8217;ann\u00e9e 2023 avec le vernissage de l&#8217;exposition des jury B3 et une f\u00eate dans la cour de La Vall\u00e9e. <\/p>\n\n\n\n<figure class=\"wp-block-image size-large\"><a href=\"https:\/\/blogpeinture.le75.be\/wp-content\/uploads\/2023\/06\/jury2023.jpg\"><img loading=\"lazy\" decoding=\"async\" width=\"1024\" height=\"1024\" src=\"https:\/\/blogpeinture.le75.be\/wp-content\/uploads\/2023\/06\/jury2023-1024x1024.jpg\" alt=\"\" class=\"wp-image-3743\" srcset=\"https:\/\/blogpeinture.le75.be\/wp-content\/uploads\/2023\/06\/jury2023-1024x1024.jpg 1024w, https:\/\/blogpeinture.le75.be\/wp-content\/uploads\/2023\/06\/jury2023-300x300.jpg 300w, https:\/\/blogpeinture.le75.be\/wp-content\/uploads\/2023\/06\/jury2023-150x150.jpg 150w, https:\/\/blogpeinture.le75.be\/wp-content\/uploads\/2023\/06\/jury2023-768x768.jpg 768w, https:\/\/blogpeinture.le75.be\/wp-content\/uploads\/2023\/06\/jury2023.jpg 1080w\" sizes=\"auto, (max-width: 1024px) 100vw, 1024px\" \/><\/a><\/figure>\n","protected":false},"excerpt":{"rendered":"<p>Vendredi 9 juin 2023, nous f\u00eaterons la fin de l&#8217;ann\u00e9e 2023 avec le vernissage de l&#8217;exposition des jury B3 et une f\u00eate dans la cour de La Vall\u00e9e.<\/p>\n","protected":false},"author":2,"featured_media":0,"comment_status":"open","ping_status":"open","sticky":false,"template":"","format":"standard","meta":{"footnotes":""},"categories":[5,7],"tags":[],"class_list":["post-3742","post","type-post","status-publish","format-standard","hentry","category-3eme-annee","category-expositions"],"_links":{"self":[{"href":"https:\/\/blogpeinture.le75.be\/index.php?rest_route=\/wp\/v2\/posts\/3742","targetHints":{"allow":["GET"]}}],"collection":[{"href":"https:\/\/blogpeinture.le75.be\/index.php?rest_route=\/wp\/v2\/posts"}],"about":[{"href":"https:\/\/blogpeinture.le75.be\/index.php?rest_route=\/wp\/v2\/types\/post"}],"author":[{"embeddable":true,"href":"https:\/\/blogpeinture.le75.be\/index.php?rest_route=\/wp\/v2\/users\/2"}],"replies":[{"embeddable":true,"href":"https:\/\/blogpeinture.le75.be\/index.php?rest_route=%2Fwp%2Fv2%2Fcomments&post=3742"}],"version-history":[{"count":1,"href":"https:\/\/blogpeinture.le75.be\/index.php?rest_route=\/wp\/v2\/posts\/3742\/revisions"}],"predecessor-version":[{"id":3744,"href":"https:\/\/blogpeinture.le75.be\/index.php?rest_route=\/wp\/v2\/posts\/3742\/revisions\/3744"}],"wp:attachment":[{"href":"https:\/\/blogpeinture.le75.be\/index.php?rest_route=%2Fwp%2Fv2%2Fmedia&parent=3742"}],"wp:term":[{"taxonomy":"category","embeddable":true,"href":"https:\/\/blogpeinture.le75.be\/index.php?rest_route=%2Fwp%2Fv2%2Fcategories&post=3742"},{"taxonomy":"post_tag","embeddable":true,"href":"https:\/\/blogpeinture.le75.be\/index.php?rest_route=%2Fwp%2Fv2%2Ftags&post=3742"}],"curies":[{"name":"wp","href":"https:\/\/api.w.org\/{rel}","templated":true}]}}