{"id":4009,"date":"2024-10-07T11:46:02","date_gmt":"2024-10-07T09:46:02","guid":{"rendered":"https:\/\/blogpeinture.le75.be\/?p=4009"},"modified":"2026-02-03T16:05:02","modified_gmt":"2026-02-03T14:05:02","slug":"semaine-atypique-1","status":"publish","type":"post","link":"https:\/\/blogpeinture.le75.be\/?p=4009","title":{"rendered":"Semaine Atypique 1"},"content":{"rendered":"\n<p>Premi\u00e8re semaine intensive de workshops!<\/p>\n\n\n\n<p>B1: Initiation au local technique et construction de ch\u00e2ssis avec Jonathan Poliart.<\/p>\n\n\n\n<p>B2: Atelier <a href=\"https:\/\/www.superimaginaire.com\/\" data-type=\"link\" data-id=\"https:\/\/www.superimaginaire.com\/\">Super Imaginaire<\/a> avec l&#8217;introduction aux outils d&#8217;exploration de la \u00ab\u00a0r\u00e9alit\u00e9 non-ordinaire\u00a0\u00bb comme support \u00e0 la cr\u00e9ation. Workshop de 3 jours pour explorer de nouveaux territoires\u00a0gr\u00e2ce \u00e0 diff\u00e9rents \u00e9tats de pr\u00e9sence au monde par la pratique des\u00a0outils chamaniques, de la transe hypnotique, du r\u00eave \u00e9veill\u00e9, de\u00a0visualisations guid\u00e9es.\u00a0<\/p>\n\n\n\n<div class=\"wp-block-columns is-layout-flex wp-container-core-columns-is-layout-9d6595d7 wp-block-columns-is-layout-flex\">\n<div class=\"wp-block-column is-layout-flow wp-block-column-is-layout-flow\" style=\"flex-basis:100%\">\n<figure class=\"wp-block-gallery has-nested-images columns-default is-cropped wp-block-gallery-1 is-layout-flex wp-block-gallery-is-layout-flex\">\n<figure class=\"wp-block-image size-large\"><a href=\"https:\/\/blogpeinture.le75.be\/wp-content\/uploads\/2024\/10\/superimaginaire_1.jpg\"><img loading=\"lazy\" decoding=\"async\" width=\"591\" height=\"480\" data-id=\"4014\" src=\"https:\/\/blogpeinture.le75.be\/wp-content\/uploads\/2024\/10\/superimaginaire_1.jpg\" alt=\"\" class=\"wp-image-4014\" srcset=\"https:\/\/blogpeinture.le75.be\/wp-content\/uploads\/2024\/10\/superimaginaire_1.jpg 591w, https:\/\/blogpeinture.le75.be\/wp-content\/uploads\/2024\/10\/superimaginaire_1-300x244.jpg 300w\" sizes=\"auto, (max-width: 591px) 100vw, 591px\" \/><\/a><\/figure>\n\n\n\n<figure class=\"wp-block-image size-large\"><a href=\"https:\/\/blogpeinture.le75.be\/wp-content\/uploads\/2024\/10\/superimaginaire_3.jpg\"><img loading=\"lazy\" decoding=\"async\" width=\"480\" height=\"640\" data-id=\"4016\" src=\"https:\/\/blogpeinture.le75.be\/wp-content\/uploads\/2024\/10\/superimaginaire_3.jpg\" alt=\"\" class=\"wp-image-4016\" srcset=\"https:\/\/blogpeinture.le75.be\/wp-content\/uploads\/2024\/10\/superimaginaire_3.jpg 480w, https:\/\/blogpeinture.le75.be\/wp-content\/uploads\/2024\/10\/superimaginaire_3-225x300.jpg 225w\" sizes=\"auto, (max-width: 480px) 100vw, 480px\" \/><\/a><\/figure>\n\n\n\n<figure class=\"wp-block-image size-large\"><a href=\"https:\/\/blogpeinture.le75.be\/wp-content\/uploads\/2024\/10\/superimaginaire_2.jpg\"><img loading=\"lazy\" decoding=\"async\" width=\"640\" height=\"480\" data-id=\"4015\" src=\"https:\/\/blogpeinture.le75.be\/wp-content\/uploads\/2024\/10\/superimaginaire_2.jpg\" alt=\"\" class=\"wp-image-4015\" srcset=\"https:\/\/blogpeinture.le75.be\/wp-content\/uploads\/2024\/10\/superimaginaire_2.jpg 640w, https:\/\/blogpeinture.le75.be\/wp-content\/uploads\/2024\/10\/superimaginaire_2-300x225.jpg 300w\" sizes=\"auto, (max-width: 640px) 100vw, 640px\" \/><\/a><\/figure>\n<\/figure>\n<\/div>\n<\/div>\n\n\n\n<p>B3: &#8216;Mise en Exposition&#8217; avec David de Tscharner au <a href=\"https:\/\/www.instagram.com\/kbkbxl\/\" data-type=\"link\" data-id=\"https:\/\/www.instagram.com\/kbkbxl\/\">KBK<\/a>.<\/p>\n\n\n\n<figure class=\"wp-block-gallery has-nested-images columns-default is-cropped wp-block-gallery-2 is-layout-flex wp-block-gallery-is-layout-flex\">\n<figure class=\"wp-block-image size-large\"><a href=\"https:\/\/blogpeinture.le75.be\/wp-content\/uploads\/2024\/10\/Cliclac_1.jpg\"><img loading=\"lazy\" decoding=\"async\" width=\"727\" height=\"1024\" data-id=\"4011\" src=\"https:\/\/blogpeinture.le75.be\/wp-content\/uploads\/2024\/10\/Cliclac_1-727x1024.jpg\" alt=\"\" class=\"wp-image-4011\" srcset=\"https:\/\/blogpeinture.le75.be\/wp-content\/uploads\/2024\/10\/Cliclac_1-727x1024.jpg 727w, https:\/\/blogpeinture.le75.be\/wp-content\/uploads\/2024\/10\/Cliclac_1-213x300.jpg 213w, https:\/\/blogpeinture.le75.be\/wp-content\/uploads\/2024\/10\/Cliclac_1-768x1082.jpg 768w, https:\/\/blogpeinture.le75.be\/wp-content\/uploads\/2024\/10\/Cliclac_1.jpg 1080w\" sizes=\"auto, (max-width: 727px) 100vw, 727px\" \/><\/a><\/figure>\n\n\n\n<figure class=\"wp-block-image size-large\"><a href=\"https:\/\/blogpeinture.le75.be\/wp-content\/uploads\/2024\/10\/Cliclac_2.jpg\"><img loading=\"lazy\" decoding=\"async\" width=\"736\" height=\"1024\" data-id=\"4012\" src=\"https:\/\/blogpeinture.le75.be\/wp-content\/uploads\/2024\/10\/Cliclac_2-736x1024.jpg\" alt=\"\" class=\"wp-image-4012\" srcset=\"https:\/\/blogpeinture.le75.be\/wp-content\/uploads\/2024\/10\/Cliclac_2-736x1024.jpg 736w, https:\/\/blogpeinture.le75.be\/wp-content\/uploads\/2024\/10\/Cliclac_2-216x300.jpg 216w, https:\/\/blogpeinture.le75.be\/wp-content\/uploads\/2024\/10\/Cliclac_2-768x1069.jpg 768w, https:\/\/blogpeinture.le75.be\/wp-content\/uploads\/2024\/10\/Cliclac_2.jpg 1080w\" sizes=\"auto, (max-width: 736px) 100vw, 736px\" \/><\/a><\/figure>\n\n\n\n<figure class=\"wp-block-image size-large\"><a href=\"https:\/\/blogpeinture.le75.be\/wp-content\/uploads\/2024\/10\/Cliclac_3.jpg\"><img loading=\"lazy\" decoding=\"async\" width=\"810\" height=\"1024\" data-id=\"4010\" src=\"https:\/\/blogpeinture.le75.be\/wp-content\/uploads\/2024\/10\/Cliclac_3-810x1024.jpg\" alt=\"\" class=\"wp-image-4010\" srcset=\"https:\/\/blogpeinture.le75.be\/wp-content\/uploads\/2024\/10\/Cliclac_3-810x1024.jpg 810w, https:\/\/blogpeinture.le75.be\/wp-content\/uploads\/2024\/10\/Cliclac_3-237x300.jpg 237w, https:\/\/blogpeinture.le75.be\/wp-content\/uploads\/2024\/10\/Cliclac_3-768x971.jpg 768w, https:\/\/blogpeinture.le75.be\/wp-content\/uploads\/2024\/10\/Cliclac_3.jpg 1080w\" sizes=\"auto, (max-width: 810px) 100vw, 810px\" \/><\/a><\/figure>\n<\/figure>\n","protected":false},"excerpt":{"rendered":"<p>Premi\u00e8re semaine intensive de workshops! B1: Initiation au local technique et construction de ch\u00e2ssis avec Jonathan Poliart. B2: Atelier Super Imaginaire avec l&#8217;introduction aux outils d&#8217;exploration de la \u00ab\u00a0r\u00e9alit\u00e9 non-ordinaire\u00a0\u00bb comme support \u00e0 la cr\u00e9ation. Workshop de 3 jours pour explorer de nouveaux territoires\u00a0gr\u00e2ce \u00e0 diff\u00e9rents \u00e9tats de pr\u00e9sence au monde par la pratique des\u00a0outils [&hellip;]<\/p>\n","protected":false},"author":2,"featured_media":0,"comment_status":"open","ping_status":"open","sticky":false,"template":"","format":"standard","meta":{"footnotes":""},"categories":[3,4,5,16],"tags":[],"class_list":["post-4009","post","type-post","status-publish","format-standard","hentry","category-1ere-annee","category-2eme-annee","category-3eme-annee","category-workshop"],"_links":{"self":[{"href":"https:\/\/blogpeinture.le75.be\/index.php?rest_route=\/wp\/v2\/posts\/4009","targetHints":{"allow":["GET"]}}],"collection":[{"href":"https:\/\/blogpeinture.le75.be\/index.php?rest_route=\/wp\/v2\/posts"}],"about":[{"href":"https:\/\/blogpeinture.le75.be\/index.php?rest_route=\/wp\/v2\/types\/post"}],"author":[{"embeddable":true,"href":"https:\/\/blogpeinture.le75.be\/index.php?rest_route=\/wp\/v2\/users\/2"}],"replies":[{"embeddable":true,"href":"https:\/\/blogpeinture.le75.be\/index.php?rest_route=%2Fwp%2Fv2%2Fcomments&post=4009"}],"version-history":[{"count":2,"href":"https:\/\/blogpeinture.le75.be\/index.php?rest_route=\/wp\/v2\/posts\/4009\/revisions"}],"predecessor-version":[{"id":4234,"href":"https:\/\/blogpeinture.le75.be\/index.php?rest_route=\/wp\/v2\/posts\/4009\/revisions\/4234"}],"wp:attachment":[{"href":"https:\/\/blogpeinture.le75.be\/index.php?rest_route=%2Fwp%2Fv2%2Fmedia&parent=4009"}],"wp:term":[{"taxonomy":"category","embeddable":true,"href":"https:\/\/blogpeinture.le75.be\/index.php?rest_route=%2Fwp%2Fv2%2Fcategories&post=4009"},{"taxonomy":"post_tag","embeddable":true,"href":"https:\/\/blogpeinture.le75.be\/index.php?rest_route=%2Fwp%2Fv2%2Ftags&post=4009"}],"curies":[{"name":"wp","href":"https:\/\/api.w.org\/{rel}","templated":true}]}}