{"id":455,"date":"2011-05-27T23:19:32","date_gmt":"2011-05-27T21:19:32","guid":{"rendered":"https:\/\/blogpeinture.le75.be\/?p=455"},"modified":"2011-06-23T22:34:54","modified_gmt":"2011-06-23T20:34:54","slug":"jour-j","status":"publish","type":"post","link":"https:\/\/blogpeinture.le75.be\/?p=455","title":{"rendered":"Jour J"},"content":{"rendered":"<p>Comme membres du jury nous recevons Daphn\u00e9e de Hemptine, Julien Meert et Celine Prestavoine\u00a0ainsi que Val\u00e9rie Rouiller et Philippe Jeuniaux. Nous commen\u00e7ons par la 2eme ann\u00e9e et apr\u00e8s une pause d\u00e9jeuner, nous terminons par la 1ere.<\/p>\n<p>Antonio Nardone nous accueille admirablement et le soir nous offre un beau vernissage.<\/p>\n<p><a href=\"https:\/\/blogpeinture.le75.be\/wp-content\/uploads\/2011\/05\/jury_peinture.jpg\"><img loading=\"lazy\" decoding=\"async\" class=\"alignnone size-full wp-image-456\" title=\"jury_peinture\" src=\"https:\/\/blogpeinture.le75.be\/wp-content\/uploads\/2011\/05\/jury_peinture.jpg\" alt=\"\" width=\"425\" height=\"2600\" srcset=\"https:\/\/blogpeinture.le75.be\/wp-content\/uploads\/2011\/05\/jury_peinture.jpg 425w, https:\/\/blogpeinture.le75.be\/wp-content\/uploads\/2011\/05\/jury_peinture-49x300.jpg 49w\" sizes=\"auto, (max-width: 425px) 100vw, 425px\" \/><\/a><\/p>\n<p>&nbsp;<\/p>\n","protected":false},"excerpt":{"rendered":"<p>Comme membres du jury nous recevons Daphn\u00e9e de Hemptine, Julien Meert et Celine Prestavoine\u00a0ainsi que Val\u00e9rie Rouiller et Philippe Jeuniaux. Nous commen\u00e7ons par la 2eme ann\u00e9e et apr\u00e8s une pause d\u00e9jeuner, nous terminons par la 1ere. Antonio Nardone nous accueille admirablement et le soir nous offre un beau vernissage. &nbsp;<\/p>\n","protected":false},"author":2,"featured_media":0,"comment_status":"open","ping_status":"open","sticky":false,"template":"","format":"standard","meta":{"footnotes":""},"categories":[3,4,7],"tags":[],"class_list":["post-455","post","type-post","status-publish","format-standard","hentry","category-1ere-annee","category-2eme-annee","category-expositions"],"_links":{"self":[{"href":"https:\/\/blogpeinture.le75.be\/index.php?rest_route=\/wp\/v2\/posts\/455","targetHints":{"allow":["GET"]}}],"collection":[{"href":"https:\/\/blogpeinture.le75.be\/index.php?rest_route=\/wp\/v2\/posts"}],"about":[{"href":"https:\/\/blogpeinture.le75.be\/index.php?rest_route=\/wp\/v2\/types\/post"}],"author":[{"embeddable":true,"href":"https:\/\/blogpeinture.le75.be\/index.php?rest_route=\/wp\/v2\/users\/2"}],"replies":[{"embeddable":true,"href":"https:\/\/blogpeinture.le75.be\/index.php?rest_route=%2Fwp%2Fv2%2Fcomments&post=455"}],"version-history":[{"count":2,"href":"https:\/\/blogpeinture.le75.be\/index.php?rest_route=\/wp\/v2\/posts\/455\/revisions"}],"predecessor-version":[{"id":496,"href":"https:\/\/blogpeinture.le75.be\/index.php?rest_route=\/wp\/v2\/posts\/455\/revisions\/496"}],"wp:attachment":[{"href":"https:\/\/blogpeinture.le75.be\/index.php?rest_route=%2Fwp%2Fv2%2Fmedia&parent=455"}],"wp:term":[{"taxonomy":"category","embeddable":true,"href":"https:\/\/blogpeinture.le75.be\/index.php?rest_route=%2Fwp%2Fv2%2Fcategories&post=455"},{"taxonomy":"post_tag","embeddable":true,"href":"https:\/\/blogpeinture.le75.be\/index.php?rest_route=%2Fwp%2Fv2%2Ftags&post=455"}],"curies":[{"name":"wp","href":"https:\/\/api.w.org\/{rel}","templated":true}]}}