{"id":692,"date":"2011-11-16T22:34:50","date_gmt":"2011-11-16T20:34:50","guid":{"rendered":"https:\/\/blogpeinture.le75.be\/?p=692"},"modified":"2012-10-31T23:49:57","modified_gmt":"2012-10-31T21:49:57","slug":"contes-de-fees-a-namur","status":"publish","type":"post","link":"https:\/\/blogpeinture.le75.be\/?p=692","title":{"rendered":"Namur f\u00e9erique."},"content":{"rendered":"<p><a href=\"https:\/\/blogpeinture.le75.be\/wp-content\/uploads\/2011\/11\/olivier_duquenne.jpg\"><img loading=\"lazy\" decoding=\"async\" class=\"alignnone size-full wp-image-693\" title=\"olivier_duquenne\" src=\"https:\/\/blogpeinture.le75.be\/wp-content\/uploads\/2011\/11\/olivier_duquenne.jpg\" alt=\"\" width=\"425\" height=\"319\" srcset=\"https:\/\/blogpeinture.le75.be\/wp-content\/uploads\/2011\/11\/olivier_duquenne.jpg 425w, https:\/\/blogpeinture.le75.be\/wp-content\/uploads\/2011\/11\/olivier_duquenne-300x225.jpg 300w\" sizes=\"auto, (max-width: 425px) 100vw, 425px\" \/><\/a><\/p>\n<p><a href=\"https:\/\/blogpeinture.le75.be\/wp-content\/uploads\/2011\/11\/olivier_duquenne.jpg\"><\/a>Dimanche 13 novembre nous assistons \u00e0 la visite guid\u00e9e par Olivier Duquenne qui est commissaire de l&#8217;exposition &#8221; Pinocchio &amp; co&#8221; \u00e0 la maison de la culture de Namur (du 24 septembre au 30 d\u00e9cembre). Ce fut un grand succ\u00e8s. C&#8217;\u00e9tait aussi l&#8217;occasion de se procurer le catalogue de l&#8217;exposition avec de nombreuses photos d&#8217;oeuvres et une th\u00e8se d&#8217;Olivier sur les contes de f\u00e9es.<\/p>\n<p><a href=\"http:\/\/www.youtube.com\/watch?v=Gp5zQNfPB2M\">video<\/a><\/p>\n","protected":false},"excerpt":{"rendered":"<p>Dimanche 13 novembre nous assistons \u00e0 la visite guid\u00e9e par Olivier Duquenne qui est commissaire de l&#8217;exposition &#8221; Pinocchio &amp; co&#8221; \u00e0 la maison de la culture de Namur (du 24 septembre au 30 d\u00e9cembre). Ce fut un grand succ\u00e8s. C&#8217;\u00e9tait aussi l&#8217;occasion de se procurer le catalogue de l&#8217;exposition avec de nombreuses photos d&#8217;oeuvres [&hellip;]<\/p>\n","protected":false},"author":2,"featured_media":0,"comment_status":"open","ping_status":"open","sticky":false,"template":"","format":"standard","meta":{"footnotes":""},"categories":[8],"tags":[],"class_list":["post-692","post","type-post","status-publish","format-standard","hentry","category-latelier"],"_links":{"self":[{"href":"https:\/\/blogpeinture.le75.be\/index.php?rest_route=\/wp\/v2\/posts\/692","targetHints":{"allow":["GET"]}}],"collection":[{"href":"https:\/\/blogpeinture.le75.be\/index.php?rest_route=\/wp\/v2\/posts"}],"about":[{"href":"https:\/\/blogpeinture.le75.be\/index.php?rest_route=\/wp\/v2\/types\/post"}],"author":[{"embeddable":true,"href":"https:\/\/blogpeinture.le75.be\/index.php?rest_route=\/wp\/v2\/users\/2"}],"replies":[{"embeddable":true,"href":"https:\/\/blogpeinture.le75.be\/index.php?rest_route=%2Fwp%2Fv2%2Fcomments&post=692"}],"version-history":[{"count":7,"href":"https:\/\/blogpeinture.le75.be\/index.php?rest_route=\/wp\/v2\/posts\/692\/revisions"}],"predecessor-version":[{"id":985,"href":"https:\/\/blogpeinture.le75.be\/index.php?rest_route=\/wp\/v2\/posts\/692\/revisions\/985"}],"wp:attachment":[{"href":"https:\/\/blogpeinture.le75.be\/index.php?rest_route=%2Fwp%2Fv2%2Fmedia&parent=692"}],"wp:term":[{"taxonomy":"category","embeddable":true,"href":"https:\/\/blogpeinture.le75.be\/index.php?rest_route=%2Fwp%2Fv2%2Fcategories&post=692"},{"taxonomy":"post_tag","embeddable":true,"href":"https:\/\/blogpeinture.le75.be\/index.php?rest_route=%2Fwp%2Fv2%2Ftags&post=692"}],"curies":[{"name":"wp","href":"https:\/\/api.w.org\/{rel}","templated":true}]}}