{"id":700,"date":"2011-11-17T22:55:01","date_gmt":"2011-11-17T20:55:01","guid":{"rendered":"https:\/\/blogpeinture.le75.be\/?p=700"},"modified":"2011-11-18T16:52:17","modified_gmt":"2011-11-18T14:52:17","slug":"thierry-lenoir","status":"publish","type":"post","link":"https:\/\/blogpeinture.le75.be\/?p=700","title":{"rendered":"Thierry Lenoir"},"content":{"rendered":"<p>Cet apr\u00e8s-midi, l&#8217;atelier Image Plurielle a invit\u00e9 le graveur Thierry Lenoir \u00e0 venir au 75 parler de son travail.<\/p>\n<p>Les peintres en profitent aussi et on d\u00e9couvre un artiste prolifique et habit\u00e9 par son art. Thierry nous parle de sa pratique et technique, de sa vie, de sa passion pour la gravure sur bois MDF, un support qui permet un trait pr\u00e9cis et net.<\/p>\n<p>Il nous montre un \u00e9chantillon de son travail depuis 1980 et nous parle des th\u00e8mes abord\u00e9s: l&#8217;Afrique (le colonialisme), l&#8217;\u00e9glise, le train et ses navetteurs, la pauvret\u00e9 et la discrimination, la Belgique, le printemps Arabe et derni\u00e8rement le changement climatique. Il relate sa pratique intense mais aussi les moments de crise d&#8217;inspiration lorsque dit-il &#8220;il ne faut pas perdre de vue que l&#8217;important c&#8217;est de graver, n&#8217;importe quoi, tout est bon, il faut garder le poignet chaud&#8221;.<\/p>\n<p>Son travail est impressionant&#8230;quand \u00e0 nous, on se prend une bonne claque!<\/p>\n<p><a href=\"https:\/\/blogpeinture.le75.be\/wp-content\/uploads\/2011\/11\/thierry_lenoir.jpg\"><img loading=\"lazy\" decoding=\"async\" class=\"alignnone size-full wp-image-701\" title=\"thierry_lenoir\" src=\"https:\/\/blogpeinture.le75.be\/wp-content\/uploads\/2011\/11\/thierry_lenoir.jpg\" alt=\"\" width=\"425\" height=\"1440\" srcset=\"https:\/\/blogpeinture.le75.be\/wp-content\/uploads\/2011\/11\/thierry_lenoir.jpg 425w, https:\/\/blogpeinture.le75.be\/wp-content\/uploads\/2011\/11\/thierry_lenoir-302x1024.jpg 302w\" sizes=\"auto, (max-width: 425px) 100vw, 425px\" \/><\/a><\/p>\n<p>&nbsp;<\/p>\n<p>&nbsp;<\/p>\n","protected":false},"excerpt":{"rendered":"<p>Cet apr\u00e8s-midi, l&#8217;atelier Image Plurielle a invit\u00e9 le graveur Thierry Lenoir \u00e0 venir au 75 parler de son travail. Les peintres en profitent aussi et on d\u00e9couvre un artiste prolifique et habit\u00e9 par son art. Thierry nous parle de sa pratique et technique, de sa vie, de sa passion pour la gravure sur bois MDF, [&hellip;]<\/p>\n","protected":false},"author":2,"featured_media":0,"comment_status":"open","ping_status":"open","sticky":false,"template":"","format":"standard","meta":{"footnotes":""},"categories":[17,8],"tags":[],"class_list":["post-700","post","type-post","status-publish","format-standard","hentry","category-invites","category-latelier"],"_links":{"self":[{"href":"https:\/\/blogpeinture.le75.be\/index.php?rest_route=\/wp\/v2\/posts\/700","targetHints":{"allow":["GET"]}}],"collection":[{"href":"https:\/\/blogpeinture.le75.be\/index.php?rest_route=\/wp\/v2\/posts"}],"about":[{"href":"https:\/\/blogpeinture.le75.be\/index.php?rest_route=\/wp\/v2\/types\/post"}],"author":[{"embeddable":true,"href":"https:\/\/blogpeinture.le75.be\/index.php?rest_route=\/wp\/v2\/users\/2"}],"replies":[{"embeddable":true,"href":"https:\/\/blogpeinture.le75.be\/index.php?rest_route=%2Fwp%2Fv2%2Fcomments&post=700"}],"version-history":[{"count":2,"href":"https:\/\/blogpeinture.le75.be\/index.php?rest_route=\/wp\/v2\/posts\/700\/revisions"}],"predecessor-version":[{"id":703,"href":"https:\/\/blogpeinture.le75.be\/index.php?rest_route=\/wp\/v2\/posts\/700\/revisions\/703"}],"wp:attachment":[{"href":"https:\/\/blogpeinture.le75.be\/index.php?rest_route=%2Fwp%2Fv2%2Fmedia&parent=700"}],"wp:term":[{"taxonomy":"category","embeddable":true,"href":"https:\/\/blogpeinture.le75.be\/index.php?rest_route=%2Fwp%2Fv2%2Fcategories&post=700"},{"taxonomy":"post_tag","embeddable":true,"href":"https:\/\/blogpeinture.le75.be\/index.php?rest_route=%2Fwp%2Fv2%2Ftags&post=700"}],"curies":[{"name":"wp","href":"https:\/\/api.w.org\/{rel}","templated":true}]}}