{"id":748,"date":"2011-12-18T00:03:43","date_gmt":"2011-12-17T22:03:43","guid":{"rendered":"https:\/\/blogpeinture.le75.be\/?p=748"},"modified":"2011-12-18T00:06:56","modified_gmt":"2011-12-17T22:06:56","slug":"arba-75","status":"publish","type":"post","link":"https:\/\/blogpeinture.le75.be\/?p=748","title":{"rendered":"ARBA &#8211; 75: dans la ville!"},"content":{"rendered":"<p><a href=\"https:\/\/blogpeinture.le75.be\/wp-content\/uploads\/2011\/12\/arba_75_poster_3.jpg\"><img loading=\"lazy\" decoding=\"async\" class=\"alignnone size-full wp-image-749\" title=\"arba_75_poster_3\" src=\"https:\/\/blogpeinture.le75.be\/wp-content\/uploads\/2011\/12\/arba_75_poster_3.jpg\" alt=\"\" width=\"425\" height=\"596\" srcset=\"https:\/\/blogpeinture.le75.be\/wp-content\/uploads\/2011\/12\/arba_75_poster_3.jpg 425w, https:\/\/blogpeinture.le75.be\/wp-content\/uploads\/2011\/12\/arba_75_poster_3-213x300.jpg 213w\" sizes=\"auto, (max-width: 425px) 100vw, 425px\" \/><\/a><\/p>\n<p><a href=\"https:\/\/blogpeinture.le75.be\/wp-content\/uploads\/2011\/12\/arba_75_poster_3.jpg\"><\/a>L&#8217;Arba (Academie des Beaux-Arts de Bruxelles) f\u00eate ses 300 ans d&#8217;existence. Pour cette occasion, elle lance une grande campagne d&#8217;affichage dans la ville de Bruxelles.<\/p>\n<p>L&#8217;op\u00e9ration est singuli\u00e8re: Des affiches grand format (Decaux 120&#215;180 c) ont \u00e9t\u00e9 pr\u00e9-imprim\u00e9es avec le logo de l&#8217;acad\u00e9mie. Il est demand\u00e9 aux \u00e9tudiants des diff\u00e9rents ateliers d&#8217;intervenir sur ce canevas.<\/p>\n<p>Les ateliers Peinture et Images Plurielles du \u00a075 sont invit\u00e9s \u00e0 participer a cette aventure!<\/p>\n<p>Pour nous identifier, les 2 ateliers ont choisi de travailler uniquement en noir et blanc.<\/p>\n<p><a href=\"https:\/\/blogpeinture.le75.be\/wp-content\/uploads\/2011\/12\/arba_75_poster_1.jpg\"><img loading=\"lazy\" decoding=\"async\" class=\"alignnone size-full wp-image-750\" title=\"arba_75_poster_1\" src=\"https:\/\/blogpeinture.le75.be\/wp-content\/uploads\/2011\/12\/arba_75_poster_1.jpg\" alt=\"\" width=\"425\" height=\"2032\" srcset=\"https:\/\/blogpeinture.le75.be\/wp-content\/uploads\/2011\/12\/arba_75_poster_1.jpg 425w, https:\/\/blogpeinture.le75.be\/wp-content\/uploads\/2011\/12\/arba_75_poster_1-214x1024.jpg 214w\" sizes=\"auto, (max-width: 425px) 100vw, 425px\" \/><\/a><\/p>\n<p>Recherche, execution et la touche finale de l&#8217; impression en s\u00e9rigraphie du logo 75.<\/p>\n<p><a href=\"https:\/\/blogpeinture.le75.be\/wp-content\/uploads\/2011\/12\/arba_75_poster_2.jpg\"><img loading=\"lazy\" decoding=\"async\" class=\"alignnone size-full wp-image-751\" title=\"arba_75_poster_2\" src=\"https:\/\/blogpeinture.le75.be\/wp-content\/uploads\/2011\/12\/arba_75_poster_2.jpg\" alt=\"\" width=\"425\" height=\"3043\" srcset=\"https:\/\/blogpeinture.le75.be\/wp-content\/uploads\/2011\/12\/arba_75_poster_2.jpg 425w, https:\/\/blogpeinture.le75.be\/wp-content\/uploads\/2011\/12\/arba_75_poster_2-143x1024.jpg 143w\" sizes=\"auto, (max-width: 425px) 100vw, 425px\" \/><\/a><\/p>\n<p>&nbsp;<\/p>\n","protected":false},"excerpt":{"rendered":"<p>L&#8217;Arba (Academie des Beaux-Arts de Bruxelles) f\u00eate ses 300 ans d&#8217;existence. Pour cette occasion, elle lance une grande campagne d&#8217;affichage dans la ville de Bruxelles. L&#8217;op\u00e9ration est singuli\u00e8re: Des affiches grand format (Decaux 120&#215;180 c) ont \u00e9t\u00e9 pr\u00e9-imprim\u00e9es avec le logo de l&#8217;acad\u00e9mie. Il est demand\u00e9 aux \u00e9tudiants des diff\u00e9rents ateliers d&#8217;intervenir sur ce canevas. [&hellip;]<\/p>\n","protected":false},"author":2,"featured_media":0,"comment_status":"open","ping_status":"open","sticky":false,"template":"","format":"standard","meta":{"footnotes":""},"categories":[7,8],"tags":[],"class_list":["post-748","post","type-post","status-publish","format-standard","hentry","category-expositions","category-latelier"],"_links":{"self":[{"href":"https:\/\/blogpeinture.le75.be\/index.php?rest_route=\/wp\/v2\/posts\/748","targetHints":{"allow":["GET"]}}],"collection":[{"href":"https:\/\/blogpeinture.le75.be\/index.php?rest_route=\/wp\/v2\/posts"}],"about":[{"href":"https:\/\/blogpeinture.le75.be\/index.php?rest_route=\/wp\/v2\/types\/post"}],"author":[{"embeddable":true,"href":"https:\/\/blogpeinture.le75.be\/index.php?rest_route=\/wp\/v2\/users\/2"}],"replies":[{"embeddable":true,"href":"https:\/\/blogpeinture.le75.be\/index.php?rest_route=%2Fwp%2Fv2%2Fcomments&post=748"}],"version-history":[{"count":7,"href":"https:\/\/blogpeinture.le75.be\/index.php?rest_route=\/wp\/v2\/posts\/748\/revisions"}],"predecessor-version":[{"id":776,"href":"https:\/\/blogpeinture.le75.be\/index.php?rest_route=\/wp\/v2\/posts\/748\/revisions\/776"}],"wp:attachment":[{"href":"https:\/\/blogpeinture.le75.be\/index.php?rest_route=%2Fwp%2Fv2%2Fmedia&parent=748"}],"wp:term":[{"taxonomy":"category","embeddable":true,"href":"https:\/\/blogpeinture.le75.be\/index.php?rest_route=%2Fwp%2Fv2%2Fcategories&post=748"},{"taxonomy":"post_tag","embeddable":true,"href":"https:\/\/blogpeinture.le75.be\/index.php?rest_route=%2Fwp%2Fv2%2Ftags&post=748"}],"curies":[{"name":"wp","href":"https:\/\/api.w.org\/{rel}","templated":true}]}}