{"id":791,"date":"2012-02-08T19:18:29","date_gmt":"2012-02-08T17:18:29","guid":{"rendered":"https:\/\/blogpeinture.le75.be\/?p=791"},"modified":"2012-02-16T22:48:23","modified_gmt":"2012-02-16T20:48:23","slug":"pol-pierart","status":"publish","type":"post","link":"https:\/\/blogpeinture.le75.be\/?p=791","title":{"rendered":"Pol Pierart"},"content":{"rendered":"<p>Visite et petite pr\u00e9sentation de Pol Pierart pour les ateliers Image Plurielle et Peinture.<\/p>\n<p>Pol sera expos\u00e9 en avril \u00e0 la M\u00e9diatine accompagn\u00e9 de travaux d&#8217;\u00e9tudiants des 2 sections. A suivre&#8230;<\/p>\n<p><a href=\"https:\/\/blogpeinture.le75.be\/wp-content\/uploads\/2012\/02\/pol_pierart.jpg\"><img loading=\"lazy\" decoding=\"async\" class=\"alignnone size-full wp-image-792\" title=\"pol_pierart\" src=\"https:\/\/blogpeinture.le75.be\/wp-content\/uploads\/2012\/02\/pol_pierart.jpg\" alt=\"\" width=\"425\" height=\"696\" srcset=\"https:\/\/blogpeinture.le75.be\/wp-content\/uploads\/2012\/02\/pol_pierart.jpg 425w, https:\/\/blogpeinture.le75.be\/wp-content\/uploads\/2012\/02\/pol_pierart-183x300.jpg 183w\" sizes=\"auto, (max-width: 425px) 100vw, 425px\" \/><\/a><\/p>\n","protected":false},"excerpt":{"rendered":"<p>Visite et petite pr\u00e9sentation de Pol Pierart pour les ateliers Image Plurielle et Peinture. Pol sera expos\u00e9 en avril \u00e0 la M\u00e9diatine accompagn\u00e9 de travaux d&#8217;\u00e9tudiants des 2 sections. A suivre&#8230;<\/p>\n","protected":false},"author":2,"featured_media":0,"comment_status":"open","ping_status":"open","sticky":false,"template":"","format":"standard","meta":{"footnotes":""},"categories":[17],"tags":[],"class_list":["post-791","post","type-post","status-publish","format-standard","hentry","category-invites"],"_links":{"self":[{"href":"https:\/\/blogpeinture.le75.be\/index.php?rest_route=\/wp\/v2\/posts\/791","targetHints":{"allow":["GET"]}}],"collection":[{"href":"https:\/\/blogpeinture.le75.be\/index.php?rest_route=\/wp\/v2\/posts"}],"about":[{"href":"https:\/\/blogpeinture.le75.be\/index.php?rest_route=\/wp\/v2\/types\/post"}],"author":[{"embeddable":true,"href":"https:\/\/blogpeinture.le75.be\/index.php?rest_route=\/wp\/v2\/users\/2"}],"replies":[{"embeddable":true,"href":"https:\/\/blogpeinture.le75.be\/index.php?rest_route=%2Fwp%2Fv2%2Fcomments&post=791"}],"version-history":[{"count":3,"href":"https:\/\/blogpeinture.le75.be\/index.php?rest_route=\/wp\/v2\/posts\/791\/revisions"}],"predecessor-version":[{"id":799,"href":"https:\/\/blogpeinture.le75.be\/index.php?rest_route=\/wp\/v2\/posts\/791\/revisions\/799"}],"wp:attachment":[{"href":"https:\/\/blogpeinture.le75.be\/index.php?rest_route=%2Fwp%2Fv2%2Fmedia&parent=791"}],"wp:term":[{"taxonomy":"category","embeddable":true,"href":"https:\/\/blogpeinture.le75.be\/index.php?rest_route=%2Fwp%2Fv2%2Fcategories&post=791"},{"taxonomy":"post_tag","embeddable":true,"href":"https:\/\/blogpeinture.le75.be\/index.php?rest_route=%2Fwp%2Fv2%2Ftags&post=791"}],"curies":[{"name":"wp","href":"https:\/\/api.w.org\/{rel}","templated":true}]}}