{"id":811,"date":"2012-03-21T07:57:14","date_gmt":"2012-03-21T05:57:14","guid":{"rendered":"https:\/\/blogpeinture.le75.be\/?p=811"},"modified":"2012-04-01T17:20:31","modified_gmt":"2012-04-01T15:20:31","slug":"workshop-avec-stephan-goldrajch","status":"publish","type":"post","link":"https:\/\/blogpeinture.le75.be\/?p=811","title":{"rendered":"Workshop avec Stephan Goldrajch"},"content":{"rendered":"<p>Les croyances dans l&#8217;art.<\/p>\n<p>1: cr\u00e9er une nouvelle soci\u00e9t\u00e9<\/p>\n<p>Nous recevons\u00a0<a href=\"http:\/\/www.bryone.info\/\">Stephan Goldrajch<\/a> pour un workshop de 3 jours sur le th\u00e8me de la croyance dans l&#8217;art.<\/p>\n<p>Stephan d\u00e9bute la journ\u00e9e par une petite pr\u00e9sentation de son travail de sculpture, vid\u00e9o et performance, qu&#8217;il d\u00e9finit comme de l&#8217;art socio-politique.<\/p>\n<p>Ensuite il nous parle de plusieurs notions pr\u00e9sents dans son travail: l&#8217;histoire, le mythe et la croyance, ainsi que la recherche du bonheur et la tentative de cr\u00e9er de nouvelles soci\u00e9t\u00e9s.<\/p>\n<p><a href=\"https:\/\/blogpeinture.le75.be\/wp-content\/uploads\/2012\/03\/goldrajch_1.jpg\"><img loading=\"lazy\" decoding=\"async\" class=\"alignnone size-full wp-image-812\" title=\"goldrajch_1\" src=\"https:\/\/blogpeinture.le75.be\/wp-content\/uploads\/2012\/03\/goldrajch_1.jpg\" alt=\"\" width=\"425\" height=\"1980\" \/><\/a><\/p>\n<p>Nous partons ensuite faire une petite balade dans la <a href=\"http:\/\/fr.wikipedia.org\/wiki\/Cit\u00e9-jardin_\u00e0_Bruxelles\">cit\u00e9-jardin<\/a> <em>Kapelleveld<\/em> (Chapelle aux champs) qui se trouve pr\u00e8s de notre \u00e9cole et qui doit son nom \u00e0 \u00a0la\u00a0<a title=\"Chapelle de Marie-la-Mis\u00e9rable\" href=\"http:\/\/fr.wikipedia.org\/wiki\/Chapelle_de_Marie-la-Mis%C3%A9rable\">Chapelle de Marie-la-Mis\u00e9rable<\/a>, elle aussi toute proche.<\/p>\n<p><a href=\"https:\/\/blogpeinture.le75.be\/wp-content\/uploads\/2012\/03\/goldrajch_2bis.jpg\"><img loading=\"lazy\" decoding=\"async\" class=\"alignnone size-full wp-image-865\" title=\"goldrajch_2bis\" src=\"https:\/\/blogpeinture.le75.be\/wp-content\/uploads\/2012\/03\/goldrajch_2bis.jpg\" alt=\"\" width=\"423\" height=\"1635\" \/><\/a><\/p>\n<p><a href=\"https:\/\/blogpeinture.le75.be\/wp-content\/uploads\/2012\/03\/goldrajch_2.jpg\"><\/a>1ere \u00e9tape:<\/p>\n<p>Stephan demande aux \u00e9tudiants de construire un magasin et d&#8217;y installer le mat\u00e9riel n\u00e9cessaire pour la cr\u00e9ation et montage d&#8217;une exposition. Ils doivent \u00e9galement inventer une monnaie (baptis\u00e9 le Pecu) qui servira pour acheter le mat\u00e9riel.<\/p>\n<p>&nbsp;<\/p>\n<p>2eme \u00e9tape<\/p>\n<p>Stephan divise les \u00e9tudiants en 2 groupes, les riches et les pauvres.<\/p>\n<p>Les Riches re\u00e7oivent un budget de d\u00e9part de 20 Pecu et 10 Pecu par leur sponsor, une marque de vin &#8220;Vin divino&#8221;.<\/p>\n<p><a href=\"https:\/\/blogpeinture.le75.be\/wp-content\/uploads\/2012\/03\/Vin_divino.jpg\"><img loading=\"lazy\" decoding=\"async\" class=\"alignnone size-full wp-image-861\" title=\"Vin_divino\" src=\"https:\/\/blogpeinture.le75.be\/wp-content\/uploads\/2012\/03\/Vin_divino.jpg\" alt=\"\" width=\"425\" height=\"567\" srcset=\"https:\/\/blogpeinture.le75.be\/wp-content\/uploads\/2012\/03\/Vin_divino.jpg 425w, https:\/\/blogpeinture.le75.be\/wp-content\/uploads\/2012\/03\/Vin_divino-224x300.jpg 224w\" sizes=\"auto, (max-width: 425px) 100vw, 425px\" \/><\/a><\/p>\n<p>Les Pauvres\u00a0re\u00e7oivent un budget de d\u00e9part de 5 Pecu et 10 Pecu par leur sponsor, une bo\u00eete de thon.<\/p>\n<p><a href=\"https:\/\/blogpeinture.le75.be\/wp-content\/uploads\/2012\/03\/Pub-Thon.jpg\"><img loading=\"lazy\" decoding=\"async\" class=\"alignnone size-full wp-image-862\" title=\"Pub-Thon\" src=\"https:\/\/blogpeinture.le75.be\/wp-content\/uploads\/2012\/03\/Pub-Thon.jpg\" alt=\"\" width=\"425\" height=\"319\" srcset=\"https:\/\/blogpeinture.le75.be\/wp-content\/uploads\/2012\/03\/Pub-Thon.jpg 425w, https:\/\/blogpeinture.le75.be\/wp-content\/uploads\/2012\/03\/Pub-Thon-300x225.jpg 300w\" sizes=\"auto, (max-width: 425px) 100vw, 425px\" \/><\/a><\/p>\n<p>La contrainte pour les 2 groupes est d&#8217;utiliser seulement les couleurs et le graphisme des \u00e9tiquettes de leur sponsors, \u00e0 savoir les couleurs primaires pour les Riches, le noir et le blanc pour les Pauvres.<\/p>\n<p>L&#8217;atelier est d\u00e9limit\u00e9 en 2 espaces, les Pauvres doivent exposer derri\u00e8re un paravent sans lumi\u00e8re et sans murs, les Riches peuvent profiter du reste de la pi\u00e8ce.<\/p>\n<p>S&#8217;en suit une intense journ\u00e9e de discussion et cr\u00e9ation avec pour \u00e9ch\u00e9ance un vernissage \u00e0 16h00 pour lequel ils doivent r\u00e9fl\u00e9chir \u00e0 la communication et \u00e0 l&#8217;accueil.<\/p>\n<p>Durant le vernissage, chaque groupe explique son travail.<\/p>\n<p>Une mise en commun des reflexions m\u00e8ne \u00e0 une discussion entre les \u00e9tudiants et les visiteurs qui doivent voter pour la meilleure pr\u00e9sentation.<\/p>\n<p>&nbsp;<\/p>\n","protected":false},"excerpt":{"rendered":"<p>Les croyances dans l&#8217;art. 1: cr\u00e9er une nouvelle soci\u00e9t\u00e9 Nous recevons\u00a0Stephan Goldrajch pour un workshop de 3 jours sur le th\u00e8me de la croyance dans l&#8217;art. Stephan d\u00e9bute la journ\u00e9e par une petite pr\u00e9sentation de son travail de sculpture, vid\u00e9o et performance, qu&#8217;il d\u00e9finit comme de l&#8217;art socio-politique. Ensuite il nous parle de plusieurs notions [&hellip;]<\/p>\n","protected":false},"author":2,"featured_media":0,"comment_status":"open","ping_status":"open","sticky":false,"template":"","format":"standard","meta":{"footnotes":""},"categories":[3,4,5,16],"tags":[],"class_list":["post-811","post","type-post","status-publish","format-standard","hentry","category-1ere-annee","category-2eme-annee","category-3eme-annee","category-workshop"],"_links":{"self":[{"href":"https:\/\/blogpeinture.le75.be\/index.php?rest_route=\/wp\/v2\/posts\/811","targetHints":{"allow":["GET"]}}],"collection":[{"href":"https:\/\/blogpeinture.le75.be\/index.php?rest_route=\/wp\/v2\/posts"}],"about":[{"href":"https:\/\/blogpeinture.le75.be\/index.php?rest_route=\/wp\/v2\/types\/post"}],"author":[{"embeddable":true,"href":"https:\/\/blogpeinture.le75.be\/index.php?rest_route=\/wp\/v2\/users\/2"}],"replies":[{"embeddable":true,"href":"https:\/\/blogpeinture.le75.be\/index.php?rest_route=%2Fwp%2Fv2%2Fcomments&post=811"}],"version-history":[{"count":18,"href":"https:\/\/blogpeinture.le75.be\/index.php?rest_route=\/wp\/v2\/posts\/811\/revisions"}],"predecessor-version":[{"id":818,"href":"https:\/\/blogpeinture.le75.be\/index.php?rest_route=\/wp\/v2\/posts\/811\/revisions\/818"}],"wp:attachment":[{"href":"https:\/\/blogpeinture.le75.be\/index.php?rest_route=%2Fwp%2Fv2%2Fmedia&parent=811"}],"wp:term":[{"taxonomy":"category","embeddable":true,"href":"https:\/\/blogpeinture.le75.be\/index.php?rest_route=%2Fwp%2Fv2%2Fcategories&post=811"},{"taxonomy":"post_tag","embeddable":true,"href":"https:\/\/blogpeinture.le75.be\/index.php?rest_route=%2Fwp%2Fv2%2Ftags&post=811"}],"curies":[{"name":"wp","href":"https:\/\/api.w.org\/{rel}","templated":true}]}}