{"id":846,"date":"2012-03-22T15:42:55","date_gmt":"2012-03-22T13:42:55","guid":{"rendered":"https:\/\/blogpeinture.le75.be\/?p=846"},"modified":"2012-03-23T22:37:58","modified_gmt":"2012-03-23T20:37:58","slug":"wkshop-s-g-suite-et-fin","status":"publish","type":"post","link":"https:\/\/blogpeinture.le75.be\/?p=846","title":{"rendered":"Wkshop S.G: suite et fin"},"content":{"rendered":"<p>3eme jour: Stephan pr\u00e9cise son propos et &#8216;illustre \u00e0 travers un diaporama d&#8217;artistes qui ont un travail engag\u00e9.<\/p>\n<p>Artistes:<\/p>\n<p><a href=\"http:\/\/en.wikipedia.org\/wiki\/Tino_Sehgal\">Tino Seghal<\/a> &#8211;\u00a0<a href=\"http:\/\/projetconversations.blogspot.com\/\">Jean-Philippe Convert<\/a> &#8211;\u00a0<a href=\"http:\/\/www.francisalys.com\/\">Francis Al\u00ffs<\/a> &#8211;\u00a0<a href=\"http:\/\/en.wikipedia.org\/wiki\/Hans_Haacke\">Hans Haacke<\/a> &#8211; <a href=\"http:\/\/www.youtube.com\/watch?v=v9E1hIBX7Bo\">Jef Geys<\/a> &#8211; <a href=\"http:\/\/www.google.com\/search?hl=en&amp;rlz=&amp;q=lygia+clarck&amp;um=1&amp;ie=UTF-8&amp;tbm=isch&amp;source=og&amp;sa=N&amp;tab=wi&amp;ei=ky1rT_qHI4iCOu2Zpf8F&amp;biw=1263&amp;bih=655&amp;sei=lS1rT6awD8OgOoi53PEF\">Lygia Clark<\/a> &#8211; Renzo Martens<\/p>\n<p><iframe loading=\"lazy\" title=\"ENJOY POVERTY | TRAILERS | M.U.C.K. FILM FESTIVAL\" width=\"580\" height=\"326\" src=\"https:\/\/www.youtube.com\/embed\/Z-Tcl8jQvlU?feature=oembed\" frameborder=\"0\" allow=\"accelerometer; autoplay; clipboard-write; encrypted-media; gyroscope; picture-in-picture; web-share\" referrerpolicy=\"strict-origin-when-cross-origin\" allowfullscreen><\/iframe><\/p>\n<p>Et deux animations&#8230;<\/p>\n<p><iframe loading=\"lazy\" title=\"La Revolution des Crabes.avi\" width=\"580\" height=\"326\" src=\"https:\/\/www.youtube.com\/embed\/Hm_YVsh2T-o?feature=oembed\" frameborder=\"0\" allow=\"accelerometer; autoplay; clipboard-write; encrypted-media; gyroscope; picture-in-picture; web-share\" referrerpolicy=\"strict-origin-when-cross-origin\" allowfullscreen><\/iframe><\/p>\n<p>http:\/\/www.youtube.com\/watch?v=PKBGkpZotXw<\/p>\n<p>&nbsp;<\/p>\n<p>&nbsp;<\/p>\n<p>&nbsp;<\/p>\n","protected":false},"excerpt":{"rendered":"<p>3eme jour: Stephan pr\u00e9cise son propos et &#8216;illustre \u00e0 travers un diaporama d&#8217;artistes qui ont un travail engag\u00e9. Artistes: Tino Seghal &#8211;\u00a0Jean-Philippe Convert &#8211;\u00a0Francis Al\u00ffs &#8211;\u00a0Hans Haacke &#8211; Jef Geys &#8211; Lygia Clark &#8211; Renzo Martens Et deux animations&#8230; http:\/\/www.youtube.com\/watch?v=PKBGkpZotXw &nbsp; &nbsp; &nbsp;<\/p>\n","protected":false},"author":2,"featured_media":0,"comment_status":"open","ping_status":"open","sticky":false,"template":"","format":"standard","meta":{"footnotes":""},"categories":[3,4,5,16],"tags":[],"class_list":["post-846","post","type-post","status-publish","format-standard","hentry","category-1ere-annee","category-2eme-annee","category-3eme-annee","category-workshop"],"_links":{"self":[{"href":"https:\/\/blogpeinture.le75.be\/index.php?rest_route=\/wp\/v2\/posts\/846","targetHints":{"allow":["GET"]}}],"collection":[{"href":"https:\/\/blogpeinture.le75.be\/index.php?rest_route=\/wp\/v2\/posts"}],"about":[{"href":"https:\/\/blogpeinture.le75.be\/index.php?rest_route=\/wp\/v2\/types\/post"}],"author":[{"embeddable":true,"href":"https:\/\/blogpeinture.le75.be\/index.php?rest_route=\/wp\/v2\/users\/2"}],"replies":[{"embeddable":true,"href":"https:\/\/blogpeinture.le75.be\/index.php?rest_route=%2Fwp%2Fv2%2Fcomments&post=846"}],"version-history":[{"count":10,"href":"https:\/\/blogpeinture.le75.be\/index.php?rest_route=\/wp\/v2\/posts\/846\/revisions"}],"predecessor-version":[{"id":848,"href":"https:\/\/blogpeinture.le75.be\/index.php?rest_route=\/wp\/v2\/posts\/846\/revisions\/848"}],"wp:attachment":[{"href":"https:\/\/blogpeinture.le75.be\/index.php?rest_route=%2Fwp%2Fv2%2Fmedia&parent=846"}],"wp:term":[{"taxonomy":"category","embeddable":true,"href":"https:\/\/blogpeinture.le75.be\/index.php?rest_route=%2Fwp%2Fv2%2Fcategories&post=846"},{"taxonomy":"post_tag","embeddable":true,"href":"https:\/\/blogpeinture.le75.be\/index.php?rest_route=%2Fwp%2Fv2%2Ftags&post=846"}],"curies":[{"name":"wp","href":"https:\/\/api.w.org\/{rel}","templated":true}]}}