{"id":921,"date":"2012-05-24T22:19:54","date_gmt":"2012-05-24T20:19:54","guid":{"rendered":"https:\/\/blogpeinture.le75.be\/?p=921"},"modified":"2012-05-27T22:45:36","modified_gmt":"2012-05-27T20:45:36","slug":"jury-2","status":"publish","type":"post","link":"https:\/\/blogpeinture.le75.be\/?p=921","title":{"rendered":"Jury"},"content":{"rendered":"<p>C&#8217;est le grand jour pour les \u00e9tudiants. Les 1eres et 2emes ann\u00e9es accrochent dans l&#8217;atelier, les 3emes ann\u00e9es \u00e0 la Mediatine.<\/p>\n<p>Nos invit\u00e9s de jury sont:\u00a0France Marichal, Jacky Lecouturier, Luc Dethieu,\u00a0Michel de Raemaeker, Olivier Pesret et Stephan Goldrajch.<\/p>\n<p><a href=\"https:\/\/blogpeinture.le75.be\/wp-content\/uploads\/2012\/05\/2emes_11.jpg\"><img loading=\"lazy\" decoding=\"async\" class=\"alignnone size-full wp-image-924\" title=\"2emes_1\" src=\"https:\/\/blogpeinture.le75.be\/wp-content\/uploads\/2012\/05\/2emes_11.jpg\" alt=\"\" width=\"425\" height=\"3016\" \/><\/a><\/p>\n<p><a href=\"https:\/\/blogpeinture.le75.be\/wp-content\/uploads\/2012\/05\/2emes_2.jpg\"><img loading=\"lazy\" decoding=\"async\" class=\"alignnone size-full wp-image-926\" title=\"2emes_2\" src=\"https:\/\/blogpeinture.le75.be\/wp-content\/uploads\/2012\/05\/2emes_2.jpg\" alt=\"\" width=\"425\" height=\"319\" srcset=\"https:\/\/blogpeinture.le75.be\/wp-content\/uploads\/2012\/05\/2emes_2.jpg 425w, https:\/\/blogpeinture.le75.be\/wp-content\/uploads\/2012\/05\/2emes_2-300x225.jpg 300w\" sizes=\"auto, (max-width: 425px) 100vw, 425px\" \/><\/a><\/p>\n<p><a href=\"https:\/\/blogpeinture.le75.be\/wp-content\/uploads\/2012\/05\/jury.jpg\"><img loading=\"lazy\" decoding=\"async\" class=\"alignnone size-full wp-image-927\" title=\"jury\" src=\"https:\/\/blogpeinture.le75.be\/wp-content\/uploads\/2012\/05\/jury.jpg\" alt=\"\" width=\"424\" height=\"3826\" \/><\/a><\/p>\n<p>&nbsp;<\/p>\n","protected":false},"excerpt":{"rendered":"<p>C&#8217;est le grand jour pour les \u00e9tudiants. Les 1eres et 2emes ann\u00e9es accrochent dans l&#8217;atelier, les 3emes ann\u00e9es \u00e0 la Mediatine. Nos invit\u00e9s de jury sont:\u00a0France Marichal, Jacky Lecouturier, Luc Dethieu,\u00a0Michel de Raemaeker, Olivier Pesret et Stephan Goldrajch. &nbsp;<\/p>\n","protected":false},"author":2,"featured_media":0,"comment_status":"open","ping_status":"open","sticky":false,"template":"","format":"standard","meta":{"footnotes":""},"categories":[3,4,5],"tags":[],"class_list":["post-921","post","type-post","status-publish","format-standard","hentry","category-1ere-annee","category-2eme-annee","category-3eme-annee"],"_links":{"self":[{"href":"https:\/\/blogpeinture.le75.be\/index.php?rest_route=\/wp\/v2\/posts\/921","targetHints":{"allow":["GET"]}}],"collection":[{"href":"https:\/\/blogpeinture.le75.be\/index.php?rest_route=\/wp\/v2\/posts"}],"about":[{"href":"https:\/\/blogpeinture.le75.be\/index.php?rest_route=\/wp\/v2\/types\/post"}],"author":[{"embeddable":true,"href":"https:\/\/blogpeinture.le75.be\/index.php?rest_route=\/wp\/v2\/users\/2"}],"replies":[{"embeddable":true,"href":"https:\/\/blogpeinture.le75.be\/index.php?rest_route=%2Fwp%2Fv2%2Fcomments&post=921"}],"version-history":[{"count":3,"href":"https:\/\/blogpeinture.le75.be\/index.php?rest_route=\/wp\/v2\/posts\/921\/revisions"}],"predecessor-version":[{"id":925,"href":"https:\/\/blogpeinture.le75.be\/index.php?rest_route=\/wp\/v2\/posts\/921\/revisions\/925"}],"wp:attachment":[{"href":"https:\/\/blogpeinture.le75.be\/index.php?rest_route=%2Fwp%2Fv2%2Fmedia&parent=921"}],"wp:term":[{"taxonomy":"category","embeddable":true,"href":"https:\/\/blogpeinture.le75.be\/index.php?rest_route=%2Fwp%2Fv2%2Fcategories&post=921"},{"taxonomy":"post_tag","embeddable":true,"href":"https:\/\/blogpeinture.le75.be\/index.php?rest_route=%2Fwp%2Fv2%2Ftags&post=921"}],"curies":[{"name":"wp","href":"https:\/\/api.w.org\/{rel}","templated":true}]}}